{"id":10180,"date":"2026-04-29T11:14:45","date_gmt":"2026-04-29T09:14:45","guid":{"rendered":"https:\/\/www.montpellier2028.eu\/?p=10180"},"modified":"2026-04-29T11:56:59","modified_gmt":"2026-04-29T09:56:59","slug":"les-temps-forts-m28-la-fabrique-des-futurs","status":"publish","type":"post","link":"https:\/\/www.montpellier2028.eu\/en\/les-temps-forts-m28-la-fabrique-des-futurs\/","title":{"rendered":"Les temps forts M28 &#8211; La Fabrique des futurs #S\u00e8te"},"content":{"rendered":"\n<h2 class=\"wp-block-heading\"><mark style=\"background-color:rgba(0, 0, 0, 0)\" class=\"has-inline-color has-pale-pink-color\">Les 29&amp;30 mai 2026<\/mark><br><mark style=\"background-color:rgba(0, 0, 0, 0)\" class=\"has-inline-color has-pale-pink-color\">au Chai des Moulins #S\u00e8te<\/mark><\/h2>\n\n\n\n<p>54 quai des Moulins, 34200 S\u00e8te<\/p>\n\n\n\n<p><strong>Dans la continuit\u00e9 des deux ann\u00e9es consacr\u00e9es \u00e0 la relation au vivant et du premier grand rendez-vous f\u00e9d\u00e9rateur, <em>L\u2019\u00e9v\u00e9nement 25 \u2013 Les chemins du vivant<\/em>, avec Montpellier-S\u00e8te et les territoires associ\u00e9s, M28 poursuit son action de coop\u00e9ration.&nbsp;<\/strong><\/p>\n\n\n\n<p><strong>Forte de cette dynamique et des liens solides tiss\u00e9s avec les acteurs locaux, M28 ouvre un cycle visant \u00e0 rassembler de nouvelles initiatives artistiques et citoyennes et \u00e0 faire \u00e9merger des projets collectifs qui interrogent notre rapport au futur. En vue de la construction de <em>L\u2019\u00e9v\u00e9nement 27<\/em>, M28 organise cette ann\u00e9e de nouvelles r\u00e9sidences de recherche-cr\u00e9ation et deux week-end d\u2019activation \u00e0 S\u00e8te et \u00e0 Montpellier.&nbsp;<\/strong><\/p>\n\n\n\n<p><strong>\u2014-<\/strong><\/p>\n\n\n\n<p><strong>Les temps forts M28 &#8211; La Fabrique des futurs #S\u00e8te&nbsp;<\/strong><\/p>\n\n\n\n<p>Une invitation \u00e0 partager des exp\u00e9riences artistiques et \u00e0 inventer de nouveaux r\u00e9cits entre acteurs publics, institutions, artistes, habitants et habitantes, au c\u0153ur d\u2019un espace patrimonial en transition, dans une d\u00e9marche d\u2019exp\u00e9rimentation et de cr\u00e9ation artistique.<\/p>\n\n\n\n<p><strong>Rendez-vous les 29 et 30 mai au Chai des Moulins pour inventer ensemble de nouvelles utopies !&nbsp;<\/strong><\/p>\n\n\n\n<p><strong><mark style=\"background-color:rgba(0, 0, 0, 0)\" class=\"has-inline-color has-pale-pink-color\">Vendredi 29 mai<\/mark><\/strong><br><strong>18h30 &#8211; 20h : Ouverture<\/strong><br>RDV M28 #3 Aur\u00e9lien Vernant #Architecture utopique et visionnaire<br>Talk #Urbanisme culturel et transitoire<br><em>Tout public<\/em><\/p>\n\n\n\n<p><strong>20h &#8211; 21h30 : Sorties de r\u00e9sidence<\/strong><br>\u00ab Futurs en chantier \u00bb : Adriana Lara, <em>Red Social<\/em><br>\u00ab De l\u2019\u00e9crit \u00e0 l\u2019\u00e9cran \u00bb : Lucia Catalini, <em>Memoria di Agata<\/em> et Aureliana Bontempo, <em>I leave my self at the door every day<\/em><br><em>Tout public<br><\/em><strong><em><br><\/em>Jusqu\u2019\u00e0 1h : Temps festif<\/strong><br>Performance et concert<br><em>Tout public<\/em><\/p>\n\n\n\n<p><strong><mark style=\"background-color:rgba(0, 0, 0, 0)\" class=\"has-inline-color has-pale-pink-color\">Samedi 30 mai<\/mark><\/strong><br><strong>9h30 &#8211; 12h30 : Temps de rencontre et d\u2019\u00e9change<\/strong><br><em>Public professionnel : Acteurs culturels et porteurs de projets<\/em><\/p>\n\n\n\n<p><strong>Apr\u00e8s-midi : Programmation, autour d\u2019un go\u00fbter<\/strong><br><em>Jeune public<\/em><\/p>\n\n\n\n<p><strong><mark style=\"background-color:rgba(0, 0, 0, 0)\" class=\"has-inline-color has-pale-pink-color\">Et au Carr\u00e9 d\u2019Art \u00e0 M\u00e8ze, apr\u00e8s-midi : Exposition<\/mark><\/strong><br>Association Eyes Wide Open, <em>Archives des Futurs<\/em><br><em>Tout public<\/em><\/p>\n\n\n\n<p>\u00c9v\u00e9nement gratuit \/ Parking gratuit \/ Racks \u00e0 v\u00e9los \/ Accessible PMR<br>Toilettes priv\u00e9es \/ Restauration payante sur place place<br><\/p>\n\n\n\n<p><strong>En partenariat avec Unanime Cr\u00e9ative<\/strong><\/p>\n\n\n\n<p>Cr\u00e9dit : Alain Scherer<\/p>\n","protected":false},"excerpt":{"rendered":"<p>Les 29&amp;30 mai 2026au Chai des Moulins #S\u00e8te 54 quai des Moulins, 34200 S\u00e8te Dans la continuit\u00e9 des deux ann\u00e9es [&hellip;]<\/p>\n","protected":false},"author":7,"featured_media":10184,"comment_status":"closed","ping_status":"open","sticky":false,"template":"","format":"standard","meta":{"_acf_changed":false,"footnotes":""},"categories":[1],"tags":[],"class_list":["post-10180","post","type-post","status-publish","format-standard","has-post-thumbnail","hentry","category-non-classifiee"],"acf":[],"yoast_head":"<!-- This site is optimized with the Yoast SEO plugin v24.8 - https:\/\/yoast.com\/wordpress\/plugins\/seo\/ -->\n<title>Les temps forts M28 - La Fabrique des futurs #S\u00e8te - Montpellier 2028<\/title>\n<meta name=\"robots\" content=\"index, follow, max-snippet:-1, max-image-preview:large, max-video-preview:-1\" \/>\n<link rel=\"canonical\" href=\"https:\/\/www.montpellier2028.eu\/en\/les-temps-forts-m28-la-fabrique-des-futurs\/\" \/>\n<meta property=\"og:locale\" content=\"en_US\" \/>\n<meta property=\"og:type\" content=\"article\" \/>\n<meta property=\"og:title\" content=\"Les temps forts M28 - La Fabrique des futurs #S\u00e8te - Montpellier 2028\" \/>\n<meta property=\"og:description\" content=\"Les 29&amp;30 mai 2026au Chai des Moulins #S\u00e8te 54 quai des Moulins, 34200 S\u00e8te Dans la continuit\u00e9 des deux ann\u00e9es [&hellip;]\" \/>\n<meta property=\"og:url\" content=\"https:\/\/www.montpellier2028.eu\/en\/les-temps-forts-m28-la-fabrique-des-futurs\/\" \/>\n<meta property=\"og:site_name\" content=\"Montpellier 2028\" \/>\n<meta property=\"article:publisher\" content=\"https:\/\/www.facebook.com\/montpellier2028\" \/>\n<meta property=\"article:published_time\" content=\"2026-04-29T09:14:45+00:00\" \/>\n<meta property=\"article:modified_time\" content=\"2026-04-29T09:56:59+00:00\" \/>\n<meta property=\"og:image\" content=\"https:\/\/www.montpellier2028.eu\/wp-content\/uploads\/2026\/04\/AlainScherer_M28_20251004_007_web.jpg\" \/>\n\t<meta property=\"og:image:width\" content=\"1920\" \/>\n\t<meta property=\"og:image:height\" content=\"1280\" \/>\n\t<meta property=\"og:image:type\" content=\"image\/jpeg\" \/>\n<meta name=\"author\" content=\"Vanessa Avila\" \/>\n<meta name=\"twitter:card\" content=\"summary_large_image\" \/>\n<meta name=\"twitter:creator\" content=\"@mtp2028\" \/>\n<meta name=\"twitter:site\" content=\"@mtp2028\" \/>\n<meta name=\"twitter:label1\" content=\"Written by\" \/>\n\t<meta name=\"twitter:data1\" content=\"Vanessa Avila\" \/>\n\t<meta name=\"twitter:label2\" content=\"Est. reading time\" \/>\n\t<meta name=\"twitter:data2\" content=\"2 minutes\" \/>\n<script type=\"application\/ld+json\" class=\"yoast-schema-graph\">{\"@context\":\"https:\/\/schema.org\",\"@graph\":[{\"@type\":\"Article\",\"@id\":\"https:\/\/www.montpellier2028.eu\/en\/les-temps-forts-m28-la-fabrique-des-futurs\/#article\",\"isPartOf\":{\"@id\":\"https:\/\/www.montpellier2028.eu\/en\/les-temps-forts-m28-la-fabrique-des-futurs\/\"},\"author\":{\"name\":\"Vanessa Avila\",\"@id\":\"https:\/\/www.montpellier2028.eu\/en\/#\/schema\/person\/8a65daf9583a2d835469ad3b7b0b6f49\"},\"headline\":\"Les temps forts M28 &#8211; La Fabrique des futurs #S\u00e8te\",\"datePublished\":\"2026-04-29T09:14:45+00:00\",\"dateModified\":\"2026-04-29T09:56:59+00:00\",\"mainEntityOfPage\":{\"@id\":\"https:\/\/www.montpellier2028.eu\/en\/les-temps-forts-m28-la-fabrique-des-futurs\/\"},\"wordCount\":351,\"publisher\":{\"@id\":\"https:\/\/www.montpellier2028.eu\/en\/#organization\"},\"image\":{\"@id\":\"https:\/\/www.montpellier2028.eu\/en\/les-temps-forts-m28-la-fabrique-des-futurs\/#primaryimage\"},\"thumbnailUrl\":\"https:\/\/www.montpellier2028.eu\/wp-content\/uploads\/2026\/04\/AlainScherer_M28_20251004_007_web.jpg\",\"articleSection\":[\"Non classifi\u00e9(e)\"],\"inLanguage\":\"en-US\"},{\"@type\":\"WebPage\",\"@id\":\"https:\/\/www.montpellier2028.eu\/en\/les-temps-forts-m28-la-fabrique-des-futurs\/\",\"url\":\"https:\/\/www.montpellier2028.eu\/en\/les-temps-forts-m28-la-fabrique-des-futurs\/\",\"name\":\"Les temps forts M28 - La Fabrique des futurs #S\u00e8te - Montpellier 2028\",\"isPartOf\":{\"@id\":\"https:\/\/www.montpellier2028.eu\/en\/#website\"},\"primaryImageOfPage\":{\"@id\":\"https:\/\/www.montpellier2028.eu\/en\/les-temps-forts-m28-la-fabrique-des-futurs\/#primaryimage\"},\"image\":{\"@id\":\"https:\/\/www.montpellier2028.eu\/en\/les-temps-forts-m28-la-fabrique-des-futurs\/#primaryimage\"},\"thumbnailUrl\":\"https:\/\/www.montpellier2028.eu\/wp-content\/uploads\/2026\/04\/AlainScherer_M28_20251004_007_web.jpg\",\"datePublished\":\"2026-04-29T09:14:45+00:00\",\"dateModified\":\"2026-04-29T09:56:59+00:00\",\"breadcrumb\":{\"@id\":\"https:\/\/www.montpellier2028.eu\/en\/les-temps-forts-m28-la-fabrique-des-futurs\/#breadcrumb\"},\"inLanguage\":\"en-US\",\"potentialAction\":[{\"@type\":\"ReadAction\",\"target\":[\"https:\/\/www.montpellier2028.eu\/en\/les-temps-forts-m28-la-fabrique-des-futurs\/\"]}]},{\"@type\":\"ImageObject\",\"inLanguage\":\"en-US\",\"@id\":\"https:\/\/www.montpellier2028.eu\/en\/les-temps-forts-m28-la-fabrique-des-futurs\/#primaryimage\",\"url\":\"https:\/\/www.montpellier2028.eu\/wp-content\/uploads\/2026\/04\/AlainScherer_M28_20251004_007_web.jpg\",\"contentUrl\":\"https:\/\/www.montpellier2028.eu\/wp-content\/uploads\/2026\/04\/AlainScherer_M28_20251004_007_web.jpg\",\"width\":1920,\"height\":1280,\"caption\":\"Alain Scherer\"},{\"@type\":\"BreadcrumbList\",\"@id\":\"https:\/\/www.montpellier2028.eu\/en\/les-temps-forts-m28-la-fabrique-des-futurs\/#breadcrumb\",\"itemListElement\":[{\"@type\":\"ListItem\",\"position\":1,\"name\":\"Home\",\"item\":\"https:\/\/www.montpellier2028.eu\/en\/\"},{\"@type\":\"ListItem\",\"position\":2,\"name\":\"Les temps forts M28 &#8211; La Fabrique des futurs #S\u00e8te\"}]},{\"@type\":\"WebSite\",\"@id\":\"https:\/\/www.montpellier2028.eu\/en\/#website\",\"url\":\"https:\/\/www.montpellier2028.eu\/en\/\",\"name\":\"Montpellier 2028\",\"description\":\"Construisons ensemble!\",\"publisher\":{\"@id\":\"https:\/\/www.montpellier2028.eu\/en\/#organization\"},\"potentialAction\":[{\"@type\":\"SearchAction\",\"target\":{\"@type\":\"EntryPoint\",\"urlTemplate\":\"https:\/\/www.montpellier2028.eu\/en\/?s={search_term_string}\"},\"query-input\":{\"@type\":\"PropertyValueSpecification\",\"valueRequired\":true,\"valueName\":\"search_term_string\"}}],\"inLanguage\":\"en-US\"},{\"@type\":\"Organization\",\"@id\":\"https:\/\/www.montpellier2028.eu\/en\/#organization\",\"name\":\"Montpellier 2028\",\"url\":\"https:\/\/www.montpellier2028.eu\/en\/\",\"logo\":{\"@type\":\"ImageObject\",\"inLanguage\":\"en-US\",\"@id\":\"https:\/\/www.montpellier2028.eu\/en\/#\/schema\/logo\/image\/\",\"url\":\"https:\/\/www.montpellier2028.eu\/wp-content\/uploads\/2022\/09\/cropped-small-logo-lg.png\",\"contentUrl\":\"https:\/\/www.montpellier2028.eu\/wp-content\/uploads\/2022\/09\/cropped-small-logo-lg.png\",\"width\":512,\"height\":512,\"caption\":\"Montpellier 2028\"},\"image\":{\"@id\":\"https:\/\/www.montpellier2028.eu\/en\/#\/schema\/logo\/image\/\"},\"sameAs\":[\"https:\/\/www.facebook.com\/montpellier2028\",\"https:\/\/x.com\/mtp2028\",\"https:\/\/www.instagram.com\/montpellier2028\/\",\"https:\/\/www.linkedin.com\/showcase\/montpellier2028\/about\/\"]},{\"@type\":\"Person\",\"@id\":\"https:\/\/www.montpellier2028.eu\/en\/#\/schema\/person\/8a65daf9583a2d835469ad3b7b0b6f49\",\"name\":\"Vanessa Avila\",\"url\":\"https:\/\/www.montpellier2028.eu\/en\/author\/vavila\/\"}]}<\/script>\n<!-- \/ Yoast SEO plugin. -->","yoast_head_json":{"title":"Les temps forts M28 - La Fabrique des futurs #S\u00e8te - Montpellier 2028","robots":{"index":"index","follow":"follow","max-snippet":"max-snippet:-1","max-image-preview":"max-image-preview:large","max-video-preview":"max-video-preview:-1"},"canonical":"https:\/\/www.montpellier2028.eu\/en\/les-temps-forts-m28-la-fabrique-des-futurs\/","og_locale":"en_US","og_type":"article","og_title":"Les temps forts M28 - La Fabrique des futurs #S\u00e8te - Montpellier 2028","og_description":"Les 29&amp;30 mai 2026au Chai des Moulins #S\u00e8te 54 quai des Moulins, 34200 S\u00e8te Dans la continuit\u00e9 des deux ann\u00e9es [&hellip;]","og_url":"https:\/\/www.montpellier2028.eu\/en\/les-temps-forts-m28-la-fabrique-des-futurs\/","og_site_name":"Montpellier 2028","article_publisher":"https:\/\/www.facebook.com\/montpellier2028","article_published_time":"2026-04-29T09:14:45+00:00","article_modified_time":"2026-04-29T09:56:59+00:00","og_image":[{"width":1920,"height":1280,"url":"https:\/\/www.montpellier2028.eu\/wp-content\/uploads\/2026\/04\/AlainScherer_M28_20251004_007_web.jpg","type":"image\/jpeg"}],"author":"Vanessa Avila","twitter_card":"summary_large_image","twitter_creator":"@mtp2028","twitter_site":"@mtp2028","twitter_misc":{"Written by":"Vanessa Avila","Est. reading time":"2 minutes"},"schema":{"@context":"https:\/\/schema.org","@graph":[{"@type":"Article","@id":"https:\/\/www.montpellier2028.eu\/en\/les-temps-forts-m28-la-fabrique-des-futurs\/#article","isPartOf":{"@id":"https:\/\/www.montpellier2028.eu\/en\/les-temps-forts-m28-la-fabrique-des-futurs\/"},"author":{"name":"Vanessa Avila","@id":"https:\/\/www.montpellier2028.eu\/en\/#\/schema\/person\/8a65daf9583a2d835469ad3b7b0b6f49"},"headline":"Les temps forts M28 &#8211; La Fabrique des futurs #S\u00e8te","datePublished":"2026-04-29T09:14:45+00:00","dateModified":"2026-04-29T09:56:59+00:00","mainEntityOfPage":{"@id":"https:\/\/www.montpellier2028.eu\/en\/les-temps-forts-m28-la-fabrique-des-futurs\/"},"wordCount":351,"publisher":{"@id":"https:\/\/www.montpellier2028.eu\/en\/#organization"},"image":{"@id":"https:\/\/www.montpellier2028.eu\/en\/les-temps-forts-m28-la-fabrique-des-futurs\/#primaryimage"},"thumbnailUrl":"https:\/\/www.montpellier2028.eu\/wp-content\/uploads\/2026\/04\/AlainScherer_M28_20251004_007_web.jpg","articleSection":["Non classifi\u00e9(e)"],"inLanguage":"en-US"},{"@type":"WebPage","@id":"https:\/\/www.montpellier2028.eu\/en\/les-temps-forts-m28-la-fabrique-des-futurs\/","url":"https:\/\/www.montpellier2028.eu\/en\/les-temps-forts-m28-la-fabrique-des-futurs\/","name":"Les temps forts M28 - La Fabrique des futurs #S\u00e8te - Montpellier 2028","isPartOf":{"@id":"https:\/\/www.montpellier2028.eu\/en\/#website"},"primaryImageOfPage":{"@id":"https:\/\/www.montpellier2028.eu\/en\/les-temps-forts-m28-la-fabrique-des-futurs\/#primaryimage"},"image":{"@id":"https:\/\/www.montpellier2028.eu\/en\/les-temps-forts-m28-la-fabrique-des-futurs\/#primaryimage"},"thumbnailUrl":"https:\/\/www.montpellier2028.eu\/wp-content\/uploads\/2026\/04\/AlainScherer_M28_20251004_007_web.jpg","datePublished":"2026-04-29T09:14:45+00:00","dateModified":"2026-04-29T09:56:59+00:00","breadcrumb":{"@id":"https:\/\/www.montpellier2028.eu\/en\/les-temps-forts-m28-la-fabrique-des-futurs\/#breadcrumb"},"inLanguage":"en-US","potentialAction":[{"@type":"ReadAction","target":["https:\/\/www.montpellier2028.eu\/en\/les-temps-forts-m28-la-fabrique-des-futurs\/"]}]},{"@type":"ImageObject","inLanguage":"en-US","@id":"https:\/\/www.montpellier2028.eu\/en\/les-temps-forts-m28-la-fabrique-des-futurs\/#primaryimage","url":"https:\/\/www.montpellier2028.eu\/wp-content\/uploads\/2026\/04\/AlainScherer_M28_20251004_007_web.jpg","contentUrl":"https:\/\/www.montpellier2028.eu\/wp-content\/uploads\/2026\/04\/AlainScherer_M28_20251004_007_web.jpg","width":1920,"height":1280,"caption":"Alain Scherer"},{"@type":"BreadcrumbList","@id":"https:\/\/www.montpellier2028.eu\/en\/les-temps-forts-m28-la-fabrique-des-futurs\/#breadcrumb","itemListElement":[{"@type":"ListItem","position":1,"name":"Home","item":"https:\/\/www.montpellier2028.eu\/en\/"},{"@type":"ListItem","position":2,"name":"Les temps forts M28 &#8211; La Fabrique des futurs #S\u00e8te"}]},{"@type":"WebSite","@id":"https:\/\/www.montpellier2028.eu\/en\/#website","url":"https:\/\/www.montpellier2028.eu\/en\/","name":"Montpellier 2028","description":"Construisons ensemble!","publisher":{"@id":"https:\/\/www.montpellier2028.eu\/en\/#organization"},"potentialAction":[{"@type":"SearchAction","target":{"@type":"EntryPoint","urlTemplate":"https:\/\/www.montpellier2028.eu\/en\/?s={search_term_string}"},"query-input":{"@type":"PropertyValueSpecification","valueRequired":true,"valueName":"search_term_string"}}],"inLanguage":"en-US"},{"@type":"Organization","@id":"https:\/\/www.montpellier2028.eu\/en\/#organization","name":"Montpellier 2028","url":"https:\/\/www.montpellier2028.eu\/en\/","logo":{"@type":"ImageObject","inLanguage":"en-US","@id":"https:\/\/www.montpellier2028.eu\/en\/#\/schema\/logo\/image\/","url":"https:\/\/www.montpellier2028.eu\/wp-content\/uploads\/2022\/09\/cropped-small-logo-lg.png","contentUrl":"https:\/\/www.montpellier2028.eu\/wp-content\/uploads\/2022\/09\/cropped-small-logo-lg.png","width":512,"height":512,"caption":"Montpellier 2028"},"image":{"@id":"https:\/\/www.montpellier2028.eu\/en\/#\/schema\/logo\/image\/"},"sameAs":["https:\/\/www.facebook.com\/montpellier2028","https:\/\/x.com\/mtp2028","https:\/\/www.instagram.com\/montpellier2028\/","https:\/\/www.linkedin.com\/showcase\/montpellier2028\/about\/"]},{"@type":"Person","@id":"https:\/\/www.montpellier2028.eu\/en\/#\/schema\/person\/8a65daf9583a2d835469ad3b7b0b6f49","name":"Vanessa Avila","url":"https:\/\/www.montpellier2028.eu\/en\/author\/vavila\/"}]}},"_links":{"self":[{"href":"https:\/\/www.montpellier2028.eu\/en\/wp-json\/wp\/v2\/posts\/10180","targetHints":{"allow":["GET"]}}],"collection":[{"href":"https:\/\/www.montpellier2028.eu\/en\/wp-json\/wp\/v2\/posts"}],"about":[{"href":"https:\/\/www.montpellier2028.eu\/en\/wp-json\/wp\/v2\/types\/post"}],"author":[{"embeddable":true,"href":"https:\/\/www.montpellier2028.eu\/en\/wp-json\/wp\/v2\/users\/7"}],"replies":[{"embeddable":true,"href":"https:\/\/www.montpellier2028.eu\/en\/wp-json\/wp\/v2\/comments?post=10180"}],"version-history":[{"count":6,"href":"https:\/\/www.montpellier2028.eu\/en\/wp-json\/wp\/v2\/posts\/10180\/revisions"}],"predecessor-version":[{"id":10200,"href":"https:\/\/www.montpellier2028.eu\/en\/wp-json\/wp\/v2\/posts\/10180\/revisions\/10200"}],"wp:featuredmedia":[{"embeddable":true,"href":"https:\/\/www.montpellier2028.eu\/en\/wp-json\/wp\/v2\/media\/10184"}],"wp:attachment":[{"href":"https:\/\/www.montpellier2028.eu\/en\/wp-json\/wp\/v2\/media?parent=10180"}],"wp:term":[{"taxonomy":"category","embeddable":true,"href":"https:\/\/www.montpellier2028.eu\/en\/wp-json\/wp\/v2\/categories?post=10180"},{"taxonomy":"post_tag","embeddable":true,"href":"https:\/\/www.montpellier2028.eu\/en\/wp-json\/wp\/v2\/tags?post=10180"}],"curies":[{"name":"wp","href":"https:\/\/api.w.org\/{rel}","templated":true}]}}