{"id":2603,"date":"2022-10-24T09:49:43","date_gmt":"2022-10-24T07:49:43","guid":{"rendered":"https:\/\/www.montpellier2028.eu\/presentation-of-the-bid-to-the-european-authorities-in-brussels\/"},"modified":"2023-03-01T09:56:22","modified_gmt":"2023-03-01T08:56:22","slug":"presentation-of-the-bid-to-the-european-authorities-in-brussels","status":"publish","type":"post","link":"https:\/\/www.montpellier2028.eu\/en\/presentation-of-the-bid-to-the-european-authorities-in-brussels\/","title":{"rendered":"Presentation of the bid to the European authorities in Brussels"},"content":{"rendered":"\n<p>On 26 and 27 September 2022, thanks to support from Occitanie Europe, a delegation made up of Michael Delafosse and Agn\u00e8s Robin for the city of Montpellier, Claire Fita representing the Occitanie region, Fran\u00e7ois Commeinhes for the city of S\u00e8te and Zita Chevil-Sandin for the department of H\u00e9rault, the Montpellier 2028 team travelled to Brussels to present Montpellier&#8217;s bid for the title of European Capital of Culture 2028 to the European authorities.<br\/><br\/>On this occasion, they had the opportunity to exchange views with Nicolas Schmit, European Commissioner for Employment and Social Rights, Jean Paul Buffat, Head of Cabinet, European Committee of the Regions, as well as Pauline Rouch, Head of Cabinet for Commissioner Mariya Gabriel, \u00c9ric Andrieu, Member of the European Parliament and Cyril Piquemal, Deputy Permanent Representative of France to the EU.<\/p>\n","protected":false},"excerpt":{"rendered":"<p>&nbsp;<\/p>\n","protected":false},"author":3,"featured_media":1617,"comment_status":"closed","ping_status":"open","sticky":false,"template":"","format":"standard","meta":{"_acf_changed":false,"footnotes":""},"categories":[15],"tags":[],"class_list":["post-2603","post","type-post","status-publish","format-standard","has-post-thumbnail","hentry","category-uncategorized"],"acf":[],"yoast_head":"<!-- This site is optimized with the Yoast SEO plugin v24.8 - https:\/\/yoast.com\/wordpress\/plugins\/seo\/ -->\n<title>Presentation of the bid to the European authorities in Brussels - Montpellier 2028<\/title>\n<meta name=\"robots\" content=\"index, follow, max-snippet:-1, max-image-preview:large, max-video-preview:-1\" \/>\n<link rel=\"canonical\" href=\"https:\/\/www.montpellier2028.eu\/en\/presentation-of-the-bid-to-the-european-authorities-in-brussels\/\" \/>\n<meta property=\"og:locale\" content=\"en_US\" \/>\n<meta property=\"og:type\" content=\"article\" \/>\n<meta property=\"og:title\" content=\"Presentation of the bid to the European authorities in Brussels - Montpellier 2028\" \/>\n<meta property=\"og:description\" content=\"&nbsp;\" \/>\n<meta property=\"og:url\" content=\"https:\/\/www.montpellier2028.eu\/en\/presentation-of-the-bid-to-the-european-authorities-in-brussels\/\" \/>\n<meta property=\"og:site_name\" content=\"Montpellier 2028\" \/>\n<meta property=\"article:publisher\" content=\"https:\/\/www.facebook.com\/montpellier2028\" \/>\n<meta property=\"article:published_time\" content=\"2022-10-24T07:49:43+00:00\" \/>\n<meta property=\"article:modified_time\" content=\"2023-03-01T08:56:22+00:00\" \/>\n<meta property=\"og:image\" content=\"https:\/\/www.montpellier2028.eu\/wp-content\/uploads\/2022\/10\/IMG_0205-e1666622981420.jpg\" \/>\n\t<meta property=\"og:image:width\" content=\"1534\" \/>\n\t<meta property=\"og:image:height\" content=\"1534\" \/>\n\t<meta property=\"og:image:type\" content=\"image\/jpeg\" \/>\n<meta name=\"author\" content=\"Lisa Fraisse\" \/>\n<meta name=\"twitter:card\" content=\"summary_large_image\" \/>\n<meta name=\"twitter:creator\" content=\"@mtp2028\" \/>\n<meta name=\"twitter:site\" content=\"@mtp2028\" \/>\n<meta name=\"twitter:label1\" content=\"Written by\" \/>\n\t<meta name=\"twitter:data1\" content=\"Lisa Fraisse\" \/>\n\t<meta name=\"twitter:label2\" content=\"Est. reading time\" \/>\n\t<meta name=\"twitter:data2\" content=\"1 minute\" \/>\n<script type=\"application\/ld+json\" class=\"yoast-schema-graph\">{\"@context\":\"https:\/\/schema.org\",\"@graph\":[{\"@type\":\"Article\",\"@id\":\"https:\/\/www.montpellier2028.eu\/en\/presentation-of-the-bid-to-the-european-authorities-in-brussels\/#article\",\"isPartOf\":{\"@id\":\"https:\/\/www.montpellier2028.eu\/en\/presentation-of-the-bid-to-the-european-authorities-in-brussels\/\"},\"author\":{\"name\":\"Lisa Fraisse\",\"@id\":\"https:\/\/www.montpellier2028.eu\/en\/#\/schema\/person\/4c0d4fa82b1bc8aaaae28c151aad0915\"},\"headline\":\"Presentation of the bid to the European authorities in Brussels\",\"datePublished\":\"2022-10-24T07:49:43+00:00\",\"dateModified\":\"2023-03-01T08:56:22+00:00\",\"mainEntityOfPage\":{\"@id\":\"https:\/\/www.montpellier2028.eu\/en\/presentation-of-the-bid-to-the-european-authorities-in-brussels\/\"},\"wordCount\":142,\"publisher\":{\"@id\":\"https:\/\/www.montpellier2028.eu\/en\/#organization\"},\"image\":{\"@id\":\"https:\/\/www.montpellier2028.eu\/en\/presentation-of-the-bid-to-the-european-authorities-in-brussels\/#primaryimage\"},\"thumbnailUrl\":\"https:\/\/www.montpellier2028.eu\/wp-content\/uploads\/2022\/10\/IMG_0205-e1666622981420.jpg\",\"inLanguage\":\"en-US\"},{\"@type\":\"WebPage\",\"@id\":\"https:\/\/www.montpellier2028.eu\/en\/presentation-of-the-bid-to-the-european-authorities-in-brussels\/\",\"url\":\"https:\/\/www.montpellier2028.eu\/en\/presentation-of-the-bid-to-the-european-authorities-in-brussels\/\",\"name\":\"Presentation of the bid to the European authorities in Brussels - Montpellier 2028\",\"isPartOf\":{\"@id\":\"https:\/\/www.montpellier2028.eu\/en\/#website\"},\"primaryImageOfPage\":{\"@id\":\"https:\/\/www.montpellier2028.eu\/en\/presentation-of-the-bid-to-the-european-authorities-in-brussels\/#primaryimage\"},\"image\":{\"@id\":\"https:\/\/www.montpellier2028.eu\/en\/presentation-of-the-bid-to-the-european-authorities-in-brussels\/#primaryimage\"},\"thumbnailUrl\":\"https:\/\/www.montpellier2028.eu\/wp-content\/uploads\/2022\/10\/IMG_0205-e1666622981420.jpg\",\"datePublished\":\"2022-10-24T07:49:43+00:00\",\"dateModified\":\"2023-03-01T08:56:22+00:00\",\"breadcrumb\":{\"@id\":\"https:\/\/www.montpellier2028.eu\/en\/presentation-of-the-bid-to-the-european-authorities-in-brussels\/#breadcrumb\"},\"inLanguage\":\"en-US\",\"potentialAction\":[{\"@type\":\"ReadAction\",\"target\":[\"https:\/\/www.montpellier2028.eu\/en\/presentation-of-the-bid-to-the-european-authorities-in-brussels\/\"]}]},{\"@type\":\"ImageObject\",\"inLanguage\":\"en-US\",\"@id\":\"https:\/\/www.montpellier2028.eu\/en\/presentation-of-the-bid-to-the-european-authorities-in-brussels\/#primaryimage\",\"url\":\"https:\/\/www.montpellier2028.eu\/wp-content\/uploads\/2022\/10\/IMG_0205-e1666622981420.jpg\",\"contentUrl\":\"https:\/\/www.montpellier2028.eu\/wp-content\/uploads\/2022\/10\/IMG_0205-e1666622981420.jpg\",\"width\":1534,\"height\":1081},{\"@type\":\"BreadcrumbList\",\"@id\":\"https:\/\/www.montpellier2028.eu\/en\/presentation-of-the-bid-to-the-european-authorities-in-brussels\/#breadcrumb\",\"itemListElement\":[{\"@type\":\"ListItem\",\"position\":1,\"name\":\"Home\",\"item\":\"https:\/\/www.montpellier2028.eu\/en\/\"},{\"@type\":\"ListItem\",\"position\":2,\"name\":\"Presentation of the bid to the European authorities in Brussels\"}]},{\"@type\":\"WebSite\",\"@id\":\"https:\/\/www.montpellier2028.eu\/en\/#website\",\"url\":\"https:\/\/www.montpellier2028.eu\/en\/\",\"name\":\"Montpellier 2028\",\"description\":\"Construisons ensemble!\",\"publisher\":{\"@id\":\"https:\/\/www.montpellier2028.eu\/en\/#organization\"},\"potentialAction\":[{\"@type\":\"SearchAction\",\"target\":{\"@type\":\"EntryPoint\",\"urlTemplate\":\"https:\/\/www.montpellier2028.eu\/en\/?s={search_term_string}\"},\"query-input\":{\"@type\":\"PropertyValueSpecification\",\"valueRequired\":true,\"valueName\":\"search_term_string\"}}],\"inLanguage\":\"en-US\"},{\"@type\":\"Organization\",\"@id\":\"https:\/\/www.montpellier2028.eu\/en\/#organization\",\"name\":\"Montpellier 2028\",\"url\":\"https:\/\/www.montpellier2028.eu\/en\/\",\"logo\":{\"@type\":\"ImageObject\",\"inLanguage\":\"en-US\",\"@id\":\"https:\/\/www.montpellier2028.eu\/en\/#\/schema\/logo\/image\/\",\"url\":\"https:\/\/www.montpellier2028.eu\/wp-content\/uploads\/2022\/09\/cropped-small-logo-lg.png\",\"contentUrl\":\"https:\/\/www.montpellier2028.eu\/wp-content\/uploads\/2022\/09\/cropped-small-logo-lg.png\",\"width\":512,\"height\":512,\"caption\":\"Montpellier 2028\"},\"image\":{\"@id\":\"https:\/\/www.montpellier2028.eu\/en\/#\/schema\/logo\/image\/\"},\"sameAs\":[\"https:\/\/www.facebook.com\/montpellier2028\",\"https:\/\/x.com\/mtp2028\",\"https:\/\/www.instagram.com\/montpellier2028\/\",\"https:\/\/www.linkedin.com\/showcase\/montpellier2028\/about\/\"]},{\"@type\":\"Person\",\"@id\":\"https:\/\/www.montpellier2028.eu\/en\/#\/schema\/person\/4c0d4fa82b1bc8aaaae28c151aad0915\",\"name\":\"Lisa Fraisse\",\"url\":\"https:\/\/www.montpellier2028.eu\/en\/author\/lisafraisse\/\"}]}<\/script>\n<!-- \/ Yoast SEO plugin. -->","yoast_head_json":{"title":"Presentation of the bid to the European authorities in Brussels - Montpellier 2028","robots":{"index":"index","follow":"follow","max-snippet":"max-snippet:-1","max-image-preview":"max-image-preview:large","max-video-preview":"max-video-preview:-1"},"canonical":"https:\/\/www.montpellier2028.eu\/en\/presentation-of-the-bid-to-the-european-authorities-in-brussels\/","og_locale":"en_US","og_type":"article","og_title":"Presentation of the bid to the European authorities in Brussels - Montpellier 2028","og_description":"&nbsp;","og_url":"https:\/\/www.montpellier2028.eu\/en\/presentation-of-the-bid-to-the-european-authorities-in-brussels\/","og_site_name":"Montpellier 2028","article_publisher":"https:\/\/www.facebook.com\/montpellier2028","article_published_time":"2022-10-24T07:49:43+00:00","article_modified_time":"2023-03-01T08:56:22+00:00","og_image":[{"width":1534,"height":1534,"url":"https:\/\/www.montpellier2028.eu\/wp-content\/uploads\/2022\/10\/IMG_0205-e1666622981420.jpg","type":"image\/jpeg"}],"author":"Lisa Fraisse","twitter_card":"summary_large_image","twitter_creator":"@mtp2028","twitter_site":"@mtp2028","twitter_misc":{"Written by":"Lisa Fraisse","Est. reading time":"1 minute"},"schema":{"@context":"https:\/\/schema.org","@graph":[{"@type":"Article","@id":"https:\/\/www.montpellier2028.eu\/en\/presentation-of-the-bid-to-the-european-authorities-in-brussels\/#article","isPartOf":{"@id":"https:\/\/www.montpellier2028.eu\/en\/presentation-of-the-bid-to-the-european-authorities-in-brussels\/"},"author":{"name":"Lisa Fraisse","@id":"https:\/\/www.montpellier2028.eu\/en\/#\/schema\/person\/4c0d4fa82b1bc8aaaae28c151aad0915"},"headline":"Presentation of the bid to the European authorities in Brussels","datePublished":"2022-10-24T07:49:43+00:00","dateModified":"2023-03-01T08:56:22+00:00","mainEntityOfPage":{"@id":"https:\/\/www.montpellier2028.eu\/en\/presentation-of-the-bid-to-the-european-authorities-in-brussels\/"},"wordCount":142,"publisher":{"@id":"https:\/\/www.montpellier2028.eu\/en\/#organization"},"image":{"@id":"https:\/\/www.montpellier2028.eu\/en\/presentation-of-the-bid-to-the-european-authorities-in-brussels\/#primaryimage"},"thumbnailUrl":"https:\/\/www.montpellier2028.eu\/wp-content\/uploads\/2022\/10\/IMG_0205-e1666622981420.jpg","inLanguage":"en-US"},{"@type":"WebPage","@id":"https:\/\/www.montpellier2028.eu\/en\/presentation-of-the-bid-to-the-european-authorities-in-brussels\/","url":"https:\/\/www.montpellier2028.eu\/en\/presentation-of-the-bid-to-the-european-authorities-in-brussels\/","name":"Presentation of the bid to the European authorities in Brussels - Montpellier 2028","isPartOf":{"@id":"https:\/\/www.montpellier2028.eu\/en\/#website"},"primaryImageOfPage":{"@id":"https:\/\/www.montpellier2028.eu\/en\/presentation-of-the-bid-to-the-european-authorities-in-brussels\/#primaryimage"},"image":{"@id":"https:\/\/www.montpellier2028.eu\/en\/presentation-of-the-bid-to-the-european-authorities-in-brussels\/#primaryimage"},"thumbnailUrl":"https:\/\/www.montpellier2028.eu\/wp-content\/uploads\/2022\/10\/IMG_0205-e1666622981420.jpg","datePublished":"2022-10-24T07:49:43+00:00","dateModified":"2023-03-01T08:56:22+00:00","breadcrumb":{"@id":"https:\/\/www.montpellier2028.eu\/en\/presentation-of-the-bid-to-the-european-authorities-in-brussels\/#breadcrumb"},"inLanguage":"en-US","potentialAction":[{"@type":"ReadAction","target":["https:\/\/www.montpellier2028.eu\/en\/presentation-of-the-bid-to-the-european-authorities-in-brussels\/"]}]},{"@type":"ImageObject","inLanguage":"en-US","@id":"https:\/\/www.montpellier2028.eu\/en\/presentation-of-the-bid-to-the-european-authorities-in-brussels\/#primaryimage","url":"https:\/\/www.montpellier2028.eu\/wp-content\/uploads\/2022\/10\/IMG_0205-e1666622981420.jpg","contentUrl":"https:\/\/www.montpellier2028.eu\/wp-content\/uploads\/2022\/10\/IMG_0205-e1666622981420.jpg","width":1534,"height":1081},{"@type":"BreadcrumbList","@id":"https:\/\/www.montpellier2028.eu\/en\/presentation-of-the-bid-to-the-european-authorities-in-brussels\/#breadcrumb","itemListElement":[{"@type":"ListItem","position":1,"name":"Home","item":"https:\/\/www.montpellier2028.eu\/en\/"},{"@type":"ListItem","position":2,"name":"Presentation of the bid to the European authorities in Brussels"}]},{"@type":"WebSite","@id":"https:\/\/www.montpellier2028.eu\/en\/#website","url":"https:\/\/www.montpellier2028.eu\/en\/","name":"Montpellier 2028","description":"Construisons ensemble!","publisher":{"@id":"https:\/\/www.montpellier2028.eu\/en\/#organization"},"potentialAction":[{"@type":"SearchAction","target":{"@type":"EntryPoint","urlTemplate":"https:\/\/www.montpellier2028.eu\/en\/?s={search_term_string}"},"query-input":{"@type":"PropertyValueSpecification","valueRequired":true,"valueName":"search_term_string"}}],"inLanguage":"en-US"},{"@type":"Organization","@id":"https:\/\/www.montpellier2028.eu\/en\/#organization","name":"Montpellier 2028","url":"https:\/\/www.montpellier2028.eu\/en\/","logo":{"@type":"ImageObject","inLanguage":"en-US","@id":"https:\/\/www.montpellier2028.eu\/en\/#\/schema\/logo\/image\/","url":"https:\/\/www.montpellier2028.eu\/wp-content\/uploads\/2022\/09\/cropped-small-logo-lg.png","contentUrl":"https:\/\/www.montpellier2028.eu\/wp-content\/uploads\/2022\/09\/cropped-small-logo-lg.png","width":512,"height":512,"caption":"Montpellier 2028"},"image":{"@id":"https:\/\/www.montpellier2028.eu\/en\/#\/schema\/logo\/image\/"},"sameAs":["https:\/\/www.facebook.com\/montpellier2028","https:\/\/x.com\/mtp2028","https:\/\/www.instagram.com\/montpellier2028\/","https:\/\/www.linkedin.com\/showcase\/montpellier2028\/about\/"]},{"@type":"Person","@id":"https:\/\/www.montpellier2028.eu\/en\/#\/schema\/person\/4c0d4fa82b1bc8aaaae28c151aad0915","name":"Lisa Fraisse","url":"https:\/\/www.montpellier2028.eu\/en\/author\/lisafraisse\/"}]}},"_links":{"self":[{"href":"https:\/\/www.montpellier2028.eu\/en\/wp-json\/wp\/v2\/posts\/2603","targetHints":{"allow":["GET"]}}],"collection":[{"href":"https:\/\/www.montpellier2028.eu\/en\/wp-json\/wp\/v2\/posts"}],"about":[{"href":"https:\/\/www.montpellier2028.eu\/en\/wp-json\/wp\/v2\/types\/post"}],"author":[{"embeddable":true,"href":"https:\/\/www.montpellier2028.eu\/en\/wp-json\/wp\/v2\/users\/3"}],"replies":[{"embeddable":true,"href":"https:\/\/www.montpellier2028.eu\/en\/wp-json\/wp\/v2\/comments?post=2603"}],"version-history":[{"count":7,"href":"https:\/\/www.montpellier2028.eu\/en\/wp-json\/wp\/v2\/posts\/2603\/revisions"}],"predecessor-version":[{"id":2656,"href":"https:\/\/www.montpellier2028.eu\/en\/wp-json\/wp\/v2\/posts\/2603\/revisions\/2656"}],"wp:featuredmedia":[{"embeddable":true,"href":"https:\/\/www.montpellier2028.eu\/en\/wp-json\/wp\/v2\/media\/1617"}],"wp:attachment":[{"href":"https:\/\/www.montpellier2028.eu\/en\/wp-json\/wp\/v2\/media?parent=2603"}],"wp:term":[{"taxonomy":"category","embeddable":true,"href":"https:\/\/www.montpellier2028.eu\/en\/wp-json\/wp\/v2\/categories?post=2603"},{"taxonomy":"post_tag","embeddable":true,"href":"https:\/\/www.montpellier2028.eu\/en\/wp-json\/wp\/v2\/tags?post=2603"}],"curies":[{"name":"wp","href":"https:\/\/api.w.org\/{rel}","templated":true}]}}