{"id":3804,"date":"2023-05-12T17:28:31","date_gmt":"2023-05-12T15:28:31","guid":{"rendered":"https:\/\/www.montpellier2028.eu\/european-museum-night-2023\/"},"modified":"2023-05-16T15:02:24","modified_gmt":"2023-05-16T13:02:24","slug":"european-museum-night-2023","status":"publish","type":"post","link":"https:\/\/www.montpellier2028.eu\/en\/european-museum-night-2023\/","title":{"rendered":"European Museum Night 2023"},"content":{"rendered":"\n<p>Montpellier-S\u00e8te, culture for children<\/p>\n\n<p>On the occasion of the 19th edition of the European Night of Museums, Montpellier and S\u00e8te offer a rich program in their cultural establishments for all audiences.<\/p>\n\n<p>As part of the City of Montpellier&#8217;s policy of developing a city for children, specific cultural activities have been designed for them to enable young Montpellier residents to discover art and culture in a fun and creative way and for families to celebrate the European Night of Museums together.<\/p>\n\n<p>In the same way, the Museums and the Garden of S\u00e8te agglop\u00f4le m\u00e9diterran\u00e9e invite the public to discover their temporary and permanent collections in a new way. This is an opportunity for everyone to experience the museum in a friendly and fun way, with the following program: open house, night and theatrical tours, musical storytelling&#8230;<br\/>Find here the program dedicated to the young public within the framework of the European Night of the museums, Saturday May 13, 2023.<\/p>\n\n<p><strong>Les contes en vadrouille at MO.CO.<br\/>6:00 pm &gt; 6:30 pm<\/strong><br\/>MO.CO. MONTPELLIER CONTEMPORAIN<br\/><em>In partnership with the early childhood center of the city of Montpellier, the MO.CO. invites &#8220;Les contes en vadrouille&#8221; for the European Night of Museums.<br\/>The storytellers will offer readings in the exhibition rooms.<\/em><br\/>Parents and children under 6 years old<br\/>Free. Reservations required at reservation@moco.art<\/p>\n\n<p><strong>Workshops: <em>La table de Valentine<\/em><br\/>7:30 pm, 8:30 pm, 9:30 pm, 10:15 pm<\/strong><br\/>Time : 35 minutes<br\/>MUS\u00c9E FABRE<br\/><em>Participants are invited to make an everyday object out of self-hardening clay while experiencing each major sculptural gesture in a serene and meditative atmosphere. But beware, as in a great restaurant, where cutlery has a sometimes obscure use, the audience will have to choose the right tool to use.<\/em><br\/>From 7 years old<br\/>Free. Registration 30 minutes before each session at the museum reception desk (20 people)<\/p>\n\n<p><strong>Family reading time<br\/>7:15 and 7:45 pm<\/strong><br\/>Time : 30 minutes<br\/>MUS\u00c9E FABRE<br\/><em>The professionals of the Early Childhood of the City of Montpellier propose to the families times of reading in the rooms of the museum to (re)discover the works in another way.<\/em><br\/><em>Two themes are proposed:<\/em><\/p>\n\n<ul class=\"wp-block-list\">\n<li>Salle 7 : &#8220;<strong>Les animaux<\/strong>&#8220;, selection of works echoing the works of the Nordic painters presented in the room.<\/li>\n\n\n\n<li><em>Salle 39 : <strong>\u00ab Fleurs et jardin \u00bb<\/strong>, selection of works echoing the works of the impressionist painters presented in the room<\/em>.<\/li>\n<\/ul>\n\n<p>For children between 2 and 5 years old accompanied by their parents<br\/>Free. On registration in the museum hall (20 people)<\/p>\n\n<p><strong>Family visit : <em>Panique sur l\u2019Olympe<\/em><br\/>7:30 pm, 8:30 pm, 9:15 pm<\/strong><br\/>Time :1h<br\/>LIBRARY JEAN CLAPAREDE DU MUSEE FABRE<br\/><em>After a session of the board game invented by the teams of the museum, the visit continues in the gallery of columns: readings of works on mythology and discovery of paintings are on the program. The history of the Gods, Goddesses and Heroes will no longer hold any secrets for you!<\/em><br\/>For children between 6 and 10 years old and their parents<br\/>Free. Registration 30 minutes before each session at the museum reception desk (16 people)<\/p>\n\n<p><strong>Family visit : The class, the work !<br\/>7pm &gt; 11pm Continuous projection<\/strong><br\/>AUDITORIUM DU MUSEE FABRE ET PETIT SALON FABRE<br\/><em>Discover with your family the projects presented by the students within the framework of &#8220;La classe, l&#8217;\u0153uvre&#8221;, an artistic and cultural education project set up by the Ministry of National Education in partnership with the Ministry of Culture. The main objective is to allow the students to appropriate the common heritage and to participate in its transmission in the form of expression of their choice (texts, photos, plastic productions, dance, performances, theater?)<br\/>Theme of the year 2023 at the Fabre Museum &#8220;Metamorphoses and hybridizations&#8221; around the works: Fran\u00e7ois Girardon, Apollo and Daphne (after Le Bernin, 1690-1710, bronze) &#8211; Antoine-Louis Barye, Theseus fighting the Minotaur (1874, bronze)<br\/><\/em>Parents and children from 3 years old<br\/>Free<\/p>\n\n<p><strong>Dramatized visit : <em>Les Guides contemporains<\/em><br\/>At 8pm<\/strong><br\/>MUS\u00c9E ETHNOGRAPHIQUE DE L&#8217;ETANG DE THAU<br\/><em>Clotilde and Boniface Granjeu, incompetent guides from all eras, offer you to discover the Thau Lagoon Museum as you have never seen it!<br\/>A funny and offbeat visit led by the company Art Sc\u00e8ne Lutin.<\/em><br\/>All public<br\/>Free on reservation at 04.67.78.33.57 \/ musee.etang@gglopole.fr<br\/><br\/><strong>Musical tale : <em>Eros et Psych\u00e9<\/em><br\/>At 8:30 pm<\/strong><br\/>JARDIN ANTIQUE M\u00c9DITERRAN\u00c9EN BALARUC-LES-BAINS<br\/><em>A musical tale adapted from &#8220;The Golden Ass&#8221; by Apuleius (2nd century) where Eros and Psyche are an allegory of the explosive alchemy of human love, of the meeting of feelings and desire, of the alliance of soul and body for better or worse.<br\/>Animated by the company l&#8217;Oiseau Lyre<\/em><br\/>From 9 years old<br\/>Free on reservation at 04.67.46.47.92 \/ jam@agglopole.fr<\/p>\n\n<p><strong>Flash visits: The work of the ancient mosaicist<br\/>From 8pm to 11pm continuously<\/strong><br\/>MUS\u00c9E GALLO-ROMAIN VILLA-LOUPIAN<br\/><em>Enlightening glance of the mediator on the techniques of manufacture of the ancient mosaic. At nightfall, discover with a flashlight the shapes and colors of the pavements that decorated the Gallo-Roman villa of Loupian. Continuous tours led by the museum team.<\/em><br\/>All public<br\/>Free access. Information at 04.67.18.68.18 \/ villaloupian@agglopole.fr<\/p>\n","protected":false},"excerpt":{"rendered":"<p>&nbsp;<\/p>\n","protected":false},"author":3,"featured_media":3763,"comment_status":"closed","ping_status":"open","sticky":false,"template":"","format":"standard","meta":{"_acf_changed":false,"footnotes":""},"categories":[15],"tags":[],"class_list":["post-3804","post","type-post","status-publish","format-standard","has-post-thumbnail","hentry","category-uncategorized"],"acf":[],"yoast_head":"<!-- This site is optimized with the Yoast SEO plugin v24.8 - https:\/\/yoast.com\/wordpress\/plugins\/seo\/ -->\n<title>European Museum Night 2023 - Montpellier 2028<\/title>\n<meta name=\"robots\" content=\"index, follow, max-snippet:-1, max-image-preview:large, max-video-preview:-1\" \/>\n<link rel=\"canonical\" href=\"https:\/\/www.montpellier2028.eu\/en\/european-museum-night-2023\/\" \/>\n<meta property=\"og:locale\" content=\"en_US\" \/>\n<meta property=\"og:type\" content=\"article\" \/>\n<meta property=\"og:title\" content=\"European Museum Night 2023 - Montpellier 2028\" \/>\n<meta property=\"og:description\" content=\"&nbsp;\" \/>\n<meta property=\"og:url\" content=\"https:\/\/www.montpellier2028.eu\/en\/european-museum-night-2023\/\" \/>\n<meta property=\"og:site_name\" content=\"Montpellier 2028\" \/>\n<meta property=\"article:publisher\" content=\"https:\/\/www.facebook.com\/montpellier2028\" \/>\n<meta property=\"article:published_time\" content=\"2023-05-12T15:28:31+00:00\" \/>\n<meta property=\"article:modified_time\" content=\"2023-05-16T13:02:24+00:00\" \/>\n<meta property=\"og:image\" content=\"https:\/\/www.montpellier2028.eu\/wp-content\/uploads\/2023\/05\/bandeau-nuit-des-musee-2-1-scaled.jpg\" \/>\n\t<meta property=\"og:image:width\" content=\"2560\" \/>\n\t<meta property=\"og:image:height\" content=\"1143\" \/>\n\t<meta property=\"og:image:type\" content=\"image\/jpeg\" \/>\n<meta name=\"author\" content=\"Lisa Fraisse\" \/>\n<meta name=\"twitter:card\" content=\"summary_large_image\" \/>\n<meta name=\"twitter:creator\" content=\"@mtp2028\" \/>\n<meta name=\"twitter:site\" content=\"@mtp2028\" \/>\n<meta name=\"twitter:label1\" content=\"Written by\" \/>\n\t<meta name=\"twitter:data1\" content=\"Lisa Fraisse\" \/>\n\t<meta name=\"twitter:label2\" content=\"Est. reading time\" \/>\n\t<meta name=\"twitter:data2\" content=\"4 minutes\" \/>\n<script type=\"application\/ld+json\" class=\"yoast-schema-graph\">{\"@context\":\"https:\/\/schema.org\",\"@graph\":[{\"@type\":\"Article\",\"@id\":\"https:\/\/www.montpellier2028.eu\/en\/european-museum-night-2023\/#article\",\"isPartOf\":{\"@id\":\"https:\/\/www.montpellier2028.eu\/en\/european-museum-night-2023\/\"},\"author\":{\"name\":\"Lisa Fraisse\",\"@id\":\"https:\/\/www.montpellier2028.eu\/en\/#\/schema\/person\/4c0d4fa82b1bc8aaaae28c151aad0915\"},\"headline\":\"European Museum Night 2023\",\"datePublished\":\"2023-05-12T15:28:31+00:00\",\"dateModified\":\"2023-05-16T13:02:24+00:00\",\"mainEntityOfPage\":{\"@id\":\"https:\/\/www.montpellier2028.eu\/en\/european-museum-night-2023\/\"},\"wordCount\":813,\"publisher\":{\"@id\":\"https:\/\/www.montpellier2028.eu\/en\/#organization\"},\"image\":{\"@id\":\"https:\/\/www.montpellier2028.eu\/en\/european-museum-night-2023\/#primaryimage\"},\"thumbnailUrl\":\"https:\/\/www.montpellier2028.eu\/wp-content\/uploads\/2023\/05\/bandeau-nuit-des-musee-2-1-scaled.jpg\",\"inLanguage\":\"en-US\"},{\"@type\":\"WebPage\",\"@id\":\"https:\/\/www.montpellier2028.eu\/en\/european-museum-night-2023\/\",\"url\":\"https:\/\/www.montpellier2028.eu\/en\/european-museum-night-2023\/\",\"name\":\"European Museum Night 2023 - Montpellier 2028\",\"isPartOf\":{\"@id\":\"https:\/\/www.montpellier2028.eu\/en\/#website\"},\"primaryImageOfPage\":{\"@id\":\"https:\/\/www.montpellier2028.eu\/en\/european-museum-night-2023\/#primaryimage\"},\"image\":{\"@id\":\"https:\/\/www.montpellier2028.eu\/en\/european-museum-night-2023\/#primaryimage\"},\"thumbnailUrl\":\"https:\/\/www.montpellier2028.eu\/wp-content\/uploads\/2023\/05\/bandeau-nuit-des-musee-2-1-scaled.jpg\",\"datePublished\":\"2023-05-12T15:28:31+00:00\",\"dateModified\":\"2023-05-16T13:02:24+00:00\",\"breadcrumb\":{\"@id\":\"https:\/\/www.montpellier2028.eu\/en\/european-museum-night-2023\/#breadcrumb\"},\"inLanguage\":\"en-US\",\"potentialAction\":[{\"@type\":\"ReadAction\",\"target\":[\"https:\/\/www.montpellier2028.eu\/en\/european-museum-night-2023\/\"]}]},{\"@type\":\"ImageObject\",\"inLanguage\":\"en-US\",\"@id\":\"https:\/\/www.montpellier2028.eu\/en\/european-museum-night-2023\/#primaryimage\",\"url\":\"https:\/\/www.montpellier2028.eu\/wp-content\/uploads\/2023\/05\/bandeau-nuit-des-musee-2-1-scaled.jpg\",\"contentUrl\":\"https:\/\/www.montpellier2028.eu\/wp-content\/uploads\/2023\/05\/bandeau-nuit-des-musee-2-1-scaled.jpg\",\"width\":2560,\"height\":1143},{\"@type\":\"BreadcrumbList\",\"@id\":\"https:\/\/www.montpellier2028.eu\/en\/european-museum-night-2023\/#breadcrumb\",\"itemListElement\":[{\"@type\":\"ListItem\",\"position\":1,\"name\":\"Home\",\"item\":\"https:\/\/www.montpellier2028.eu\/en\/\"},{\"@type\":\"ListItem\",\"position\":2,\"name\":\"European Museum Night 2023\"}]},{\"@type\":\"WebSite\",\"@id\":\"https:\/\/www.montpellier2028.eu\/en\/#website\",\"url\":\"https:\/\/www.montpellier2028.eu\/en\/\",\"name\":\"Montpellier 2028\",\"description\":\"Construisons ensemble!\",\"publisher\":{\"@id\":\"https:\/\/www.montpellier2028.eu\/en\/#organization\"},\"potentialAction\":[{\"@type\":\"SearchAction\",\"target\":{\"@type\":\"EntryPoint\",\"urlTemplate\":\"https:\/\/www.montpellier2028.eu\/en\/?s={search_term_string}\"},\"query-input\":{\"@type\":\"PropertyValueSpecification\",\"valueRequired\":true,\"valueName\":\"search_term_string\"}}],\"inLanguage\":\"en-US\"},{\"@type\":\"Organization\",\"@id\":\"https:\/\/www.montpellier2028.eu\/en\/#organization\",\"name\":\"Montpellier 2028\",\"url\":\"https:\/\/www.montpellier2028.eu\/en\/\",\"logo\":{\"@type\":\"ImageObject\",\"inLanguage\":\"en-US\",\"@id\":\"https:\/\/www.montpellier2028.eu\/en\/#\/schema\/logo\/image\/\",\"url\":\"https:\/\/www.montpellier2028.eu\/wp-content\/uploads\/2022\/09\/cropped-small-logo-lg.png\",\"contentUrl\":\"https:\/\/www.montpellier2028.eu\/wp-content\/uploads\/2022\/09\/cropped-small-logo-lg.png\",\"width\":512,\"height\":512,\"caption\":\"Montpellier 2028\"},\"image\":{\"@id\":\"https:\/\/www.montpellier2028.eu\/en\/#\/schema\/logo\/image\/\"},\"sameAs\":[\"https:\/\/www.facebook.com\/montpellier2028\",\"https:\/\/x.com\/mtp2028\",\"https:\/\/www.instagram.com\/montpellier2028\/\",\"https:\/\/www.linkedin.com\/showcase\/montpellier2028\/about\/\"]},{\"@type\":\"Person\",\"@id\":\"https:\/\/www.montpellier2028.eu\/en\/#\/schema\/person\/4c0d4fa82b1bc8aaaae28c151aad0915\",\"name\":\"Lisa Fraisse\",\"url\":\"https:\/\/www.montpellier2028.eu\/en\/author\/lisafraisse\/\"}]}<\/script>\n<!-- \/ Yoast SEO plugin. -->","yoast_head_json":{"title":"European Museum Night 2023 - Montpellier 2028","robots":{"index":"index","follow":"follow","max-snippet":"max-snippet:-1","max-image-preview":"max-image-preview:large","max-video-preview":"max-video-preview:-1"},"canonical":"https:\/\/www.montpellier2028.eu\/en\/european-museum-night-2023\/","og_locale":"en_US","og_type":"article","og_title":"European Museum Night 2023 - Montpellier 2028","og_description":"&nbsp;","og_url":"https:\/\/www.montpellier2028.eu\/en\/european-museum-night-2023\/","og_site_name":"Montpellier 2028","article_publisher":"https:\/\/www.facebook.com\/montpellier2028","article_published_time":"2023-05-12T15:28:31+00:00","article_modified_time":"2023-05-16T13:02:24+00:00","og_image":[{"width":2560,"height":1143,"url":"https:\/\/www.montpellier2028.eu\/wp-content\/uploads\/2023\/05\/bandeau-nuit-des-musee-2-1-scaled.jpg","type":"image\/jpeg"}],"author":"Lisa Fraisse","twitter_card":"summary_large_image","twitter_creator":"@mtp2028","twitter_site":"@mtp2028","twitter_misc":{"Written by":"Lisa Fraisse","Est. reading time":"4 minutes"},"schema":{"@context":"https:\/\/schema.org","@graph":[{"@type":"Article","@id":"https:\/\/www.montpellier2028.eu\/en\/european-museum-night-2023\/#article","isPartOf":{"@id":"https:\/\/www.montpellier2028.eu\/en\/european-museum-night-2023\/"},"author":{"name":"Lisa Fraisse","@id":"https:\/\/www.montpellier2028.eu\/en\/#\/schema\/person\/4c0d4fa82b1bc8aaaae28c151aad0915"},"headline":"European Museum Night 2023","datePublished":"2023-05-12T15:28:31+00:00","dateModified":"2023-05-16T13:02:24+00:00","mainEntityOfPage":{"@id":"https:\/\/www.montpellier2028.eu\/en\/european-museum-night-2023\/"},"wordCount":813,"publisher":{"@id":"https:\/\/www.montpellier2028.eu\/en\/#organization"},"image":{"@id":"https:\/\/www.montpellier2028.eu\/en\/european-museum-night-2023\/#primaryimage"},"thumbnailUrl":"https:\/\/www.montpellier2028.eu\/wp-content\/uploads\/2023\/05\/bandeau-nuit-des-musee-2-1-scaled.jpg","inLanguage":"en-US"},{"@type":"WebPage","@id":"https:\/\/www.montpellier2028.eu\/en\/european-museum-night-2023\/","url":"https:\/\/www.montpellier2028.eu\/en\/european-museum-night-2023\/","name":"European Museum Night 2023 - Montpellier 2028","isPartOf":{"@id":"https:\/\/www.montpellier2028.eu\/en\/#website"},"primaryImageOfPage":{"@id":"https:\/\/www.montpellier2028.eu\/en\/european-museum-night-2023\/#primaryimage"},"image":{"@id":"https:\/\/www.montpellier2028.eu\/en\/european-museum-night-2023\/#primaryimage"},"thumbnailUrl":"https:\/\/www.montpellier2028.eu\/wp-content\/uploads\/2023\/05\/bandeau-nuit-des-musee-2-1-scaled.jpg","datePublished":"2023-05-12T15:28:31+00:00","dateModified":"2023-05-16T13:02:24+00:00","breadcrumb":{"@id":"https:\/\/www.montpellier2028.eu\/en\/european-museum-night-2023\/#breadcrumb"},"inLanguage":"en-US","potentialAction":[{"@type":"ReadAction","target":["https:\/\/www.montpellier2028.eu\/en\/european-museum-night-2023\/"]}]},{"@type":"ImageObject","inLanguage":"en-US","@id":"https:\/\/www.montpellier2028.eu\/en\/european-museum-night-2023\/#primaryimage","url":"https:\/\/www.montpellier2028.eu\/wp-content\/uploads\/2023\/05\/bandeau-nuit-des-musee-2-1-scaled.jpg","contentUrl":"https:\/\/www.montpellier2028.eu\/wp-content\/uploads\/2023\/05\/bandeau-nuit-des-musee-2-1-scaled.jpg","width":2560,"height":1143},{"@type":"BreadcrumbList","@id":"https:\/\/www.montpellier2028.eu\/en\/european-museum-night-2023\/#breadcrumb","itemListElement":[{"@type":"ListItem","position":1,"name":"Home","item":"https:\/\/www.montpellier2028.eu\/en\/"},{"@type":"ListItem","position":2,"name":"European Museum Night 2023"}]},{"@type":"WebSite","@id":"https:\/\/www.montpellier2028.eu\/en\/#website","url":"https:\/\/www.montpellier2028.eu\/en\/","name":"Montpellier 2028","description":"Construisons ensemble!","publisher":{"@id":"https:\/\/www.montpellier2028.eu\/en\/#organization"},"potentialAction":[{"@type":"SearchAction","target":{"@type":"EntryPoint","urlTemplate":"https:\/\/www.montpellier2028.eu\/en\/?s={search_term_string}"},"query-input":{"@type":"PropertyValueSpecification","valueRequired":true,"valueName":"search_term_string"}}],"inLanguage":"en-US"},{"@type":"Organization","@id":"https:\/\/www.montpellier2028.eu\/en\/#organization","name":"Montpellier 2028","url":"https:\/\/www.montpellier2028.eu\/en\/","logo":{"@type":"ImageObject","inLanguage":"en-US","@id":"https:\/\/www.montpellier2028.eu\/en\/#\/schema\/logo\/image\/","url":"https:\/\/www.montpellier2028.eu\/wp-content\/uploads\/2022\/09\/cropped-small-logo-lg.png","contentUrl":"https:\/\/www.montpellier2028.eu\/wp-content\/uploads\/2022\/09\/cropped-small-logo-lg.png","width":512,"height":512,"caption":"Montpellier 2028"},"image":{"@id":"https:\/\/www.montpellier2028.eu\/en\/#\/schema\/logo\/image\/"},"sameAs":["https:\/\/www.facebook.com\/montpellier2028","https:\/\/x.com\/mtp2028","https:\/\/www.instagram.com\/montpellier2028\/","https:\/\/www.linkedin.com\/showcase\/montpellier2028\/about\/"]},{"@type":"Person","@id":"https:\/\/www.montpellier2028.eu\/en\/#\/schema\/person\/4c0d4fa82b1bc8aaaae28c151aad0915","name":"Lisa Fraisse","url":"https:\/\/www.montpellier2028.eu\/en\/author\/lisafraisse\/"}]}},"_links":{"self":[{"href":"https:\/\/www.montpellier2028.eu\/en\/wp-json\/wp\/v2\/posts\/3804","targetHints":{"allow":["GET"]}}],"collection":[{"href":"https:\/\/www.montpellier2028.eu\/en\/wp-json\/wp\/v2\/posts"}],"about":[{"href":"https:\/\/www.montpellier2028.eu\/en\/wp-json\/wp\/v2\/types\/post"}],"author":[{"embeddable":true,"href":"https:\/\/www.montpellier2028.eu\/en\/wp-json\/wp\/v2\/users\/3"}],"replies":[{"embeddable":true,"href":"https:\/\/www.montpellier2028.eu\/en\/wp-json\/wp\/v2\/comments?post=3804"}],"version-history":[{"count":3,"href":"https:\/\/www.montpellier2028.eu\/en\/wp-json\/wp\/v2\/posts\/3804\/revisions"}],"predecessor-version":[{"id":3807,"href":"https:\/\/www.montpellier2028.eu\/en\/wp-json\/wp\/v2\/posts\/3804\/revisions\/3807"}],"wp:featuredmedia":[{"embeddable":true,"href":"https:\/\/www.montpellier2028.eu\/en\/wp-json\/wp\/v2\/media\/3763"}],"wp:attachment":[{"href":"https:\/\/www.montpellier2028.eu\/en\/wp-json\/wp\/v2\/media?parent=3804"}],"wp:term":[{"taxonomy":"category","embeddable":true,"href":"https:\/\/www.montpellier2028.eu\/en\/wp-json\/wp\/v2\/categories?post=3804"},{"taxonomy":"post_tag","embeddable":true,"href":"https:\/\/www.montpellier2028.eu\/en\/wp-json\/wp\/v2\/tags?post=3804"}],"curies":[{"name":"wp","href":"https:\/\/api.w.org\/{rel}","templated":true}]}}