{"id":4106,"date":"2023-06-14T17:39:24","date_gmt":"2023-06-14T15:39:24","guid":{"rendered":"https:\/\/www.montpellier2028.eu\/debate-the-international-situation-of-lgbtqia-rights\/"},"modified":"2023-06-16T11:16:47","modified_gmt":"2023-06-16T09:16:47","slug":"debate-the-international-situation-of-lgbtqia-rights","status":"publish","type":"post","link":"https:\/\/www.montpellier2028.eu\/en\/debate-the-international-situation-of-lgbtqia-rights\/","title":{"rendered":"Debate: the international situation of LGBTQIA+ rights"},"content":{"rendered":"\n<p>Friday, June 16 at 4 p.m. at the Maison des Relations Internationales<\/p>\n\n\n\n<p>This meeting-debate proposes an exploration of the international situation of LGBTQIA+ individuals, between advancements in rights and the persistence of hate and discrimination.<\/p>\n\n\n\n<p><strong>Organized by Montpellier 2028, in partnership with the Maison des relations internationales and the Observatoire des discriminations de Montpellier, it will welcome representatives from six Prides in Europe and North America (Kiev, Istanbul, Budapest, Sherbrooke, Heidelberg, Manchester, Paris).<\/strong> It will be an opportunity to take stock at the international level of the rights and recognition achieved by LGBTQIA+ individuals, but also to raise awareness of the ongoing threats: hate speech, violence, and the resurgence of discriminatory legislation in many countries.<\/p>\n\n\n\n<p><em>Among those taking part in the debate: Micha\u00ebl DELAFOSSE, Mayor of Montpellier Mayor of Montpellier, President of Montpellier M\u00e9diterran\u00e9e M\u00e9tropole, Fatma NAKIB, Deputy Mayor, Delegate for Equality and Women\u2019s Rights, Clare HART, Vice-President of Montpellier M\u00e9diterran\u00e9e M\u00e9tropole, D\u00e9l\u00e9gu\u00e9e au Rayonnement international et Coop\u00e9ration europ\u00e9enne, Councillor of Montpellier, Matthijs GARDENIER, Scientific Coordinator coordinator of the Montpellier Discrimination Observatory, moderator of the debate.<\/em><\/p>\n","protected":false},"excerpt":{"rendered":"<p>&nbsp;<\/p>\n","protected":false},"author":3,"featured_media":4090,"comment_status":"closed","ping_status":"open","sticky":false,"template":"","format":"standard","meta":{"_acf_changed":false,"footnotes":""},"categories":[15],"tags":[],"class_list":["post-4106","post","type-post","status-publish","format-standard","has-post-thumbnail","hentry","category-uncategorized"],"acf":[],"yoast_head":"<!-- This site is optimized with the Yoast SEO plugin v24.8 - https:\/\/yoast.com\/wordpress\/plugins\/seo\/ -->\n<title>Debate: the international situation of LGBTQIA+ rights - Montpellier 2028<\/title>\n<meta name=\"robots\" content=\"index, follow, max-snippet:-1, max-image-preview:large, max-video-preview:-1\" \/>\n<link rel=\"canonical\" href=\"https:\/\/www.montpellier2028.eu\/en\/debate-the-international-situation-of-lgbtqia-rights\/\" \/>\n<meta property=\"og:locale\" content=\"en_US\" \/>\n<meta property=\"og:type\" content=\"article\" \/>\n<meta property=\"og:title\" content=\"Debate: the international situation of LGBTQIA+ rights - Montpellier 2028\" \/>\n<meta property=\"og:description\" content=\"&nbsp;\" \/>\n<meta property=\"og:url\" content=\"https:\/\/www.montpellier2028.eu\/en\/debate-the-international-situation-of-lgbtqia-rights\/\" \/>\n<meta property=\"og:site_name\" content=\"Montpellier 2028\" \/>\n<meta property=\"article:publisher\" content=\"https:\/\/www.facebook.com\/montpellier2028\" \/>\n<meta property=\"article:published_time\" content=\"2023-06-14T15:39:24+00:00\" \/>\n<meta property=\"article:modified_time\" content=\"2023-06-16T09:16:47+00:00\" \/>\n<meta property=\"og:image\" content=\"https:\/\/www.montpellier2028.eu\/wp-content\/uploads\/2023\/06\/bandeau-pride-scaled-e1686757622941.jpg\" \/>\n\t<meta property=\"og:image:width\" content=\"2560\" \/>\n\t<meta property=\"og:image:height\" content=\"1144\" \/>\n\t<meta property=\"og:image:type\" content=\"image\/jpeg\" \/>\n<meta name=\"author\" content=\"Lisa Fraisse\" \/>\n<meta name=\"twitter:card\" content=\"summary_large_image\" \/>\n<meta name=\"twitter:creator\" content=\"@mtp2028\" \/>\n<meta name=\"twitter:site\" content=\"@mtp2028\" \/>\n<meta name=\"twitter:label1\" content=\"Written by\" \/>\n\t<meta name=\"twitter:data1\" content=\"Lisa Fraisse\" \/>\n\t<meta name=\"twitter:label2\" content=\"Est. reading time\" \/>\n\t<meta name=\"twitter:data2\" content=\"1 minute\" \/>\n<script type=\"application\/ld+json\" class=\"yoast-schema-graph\">{\"@context\":\"https:\/\/schema.org\",\"@graph\":[{\"@type\":\"Article\",\"@id\":\"https:\/\/www.montpellier2028.eu\/en\/debate-the-international-situation-of-lgbtqia-rights\/#article\",\"isPartOf\":{\"@id\":\"https:\/\/www.montpellier2028.eu\/en\/debate-the-international-situation-of-lgbtqia-rights\/\"},\"author\":{\"name\":\"Lisa Fraisse\",\"@id\":\"https:\/\/www.montpellier2028.eu\/en\/#\/schema\/person\/4c0d4fa82b1bc8aaaae28c151aad0915\"},\"headline\":\"Debate: the international situation of LGBTQIA+ rights\",\"datePublished\":\"2023-06-14T15:39:24+00:00\",\"dateModified\":\"2023-06-16T09:16:47+00:00\",\"mainEntityOfPage\":{\"@id\":\"https:\/\/www.montpellier2028.eu\/en\/debate-the-international-situation-of-lgbtqia-rights\/\"},\"wordCount\":194,\"publisher\":{\"@id\":\"https:\/\/www.montpellier2028.eu\/en\/#organization\"},\"image\":{\"@id\":\"https:\/\/www.montpellier2028.eu\/en\/debate-the-international-situation-of-lgbtqia-rights\/#primaryimage\"},\"thumbnailUrl\":\"https:\/\/www.montpellier2028.eu\/wp-content\/uploads\/2023\/06\/bandeau-pride-scaled.jpg\",\"inLanguage\":\"en-US\"},{\"@type\":\"WebPage\",\"@id\":\"https:\/\/www.montpellier2028.eu\/en\/debate-the-international-situation-of-lgbtqia-rights\/\",\"url\":\"https:\/\/www.montpellier2028.eu\/en\/debate-the-international-situation-of-lgbtqia-rights\/\",\"name\":\"Debate: the international situation of LGBTQIA+ rights - Montpellier 2028\",\"isPartOf\":{\"@id\":\"https:\/\/www.montpellier2028.eu\/en\/#website\"},\"primaryImageOfPage\":{\"@id\":\"https:\/\/www.montpellier2028.eu\/en\/debate-the-international-situation-of-lgbtqia-rights\/#primaryimage\"},\"image\":{\"@id\":\"https:\/\/www.montpellier2028.eu\/en\/debate-the-international-situation-of-lgbtqia-rights\/#primaryimage\"},\"thumbnailUrl\":\"https:\/\/www.montpellier2028.eu\/wp-content\/uploads\/2023\/06\/bandeau-pride-scaled.jpg\",\"datePublished\":\"2023-06-14T15:39:24+00:00\",\"dateModified\":\"2023-06-16T09:16:47+00:00\",\"breadcrumb\":{\"@id\":\"https:\/\/www.montpellier2028.eu\/en\/debate-the-international-situation-of-lgbtqia-rights\/#breadcrumb\"},\"inLanguage\":\"en-US\",\"potentialAction\":[{\"@type\":\"ReadAction\",\"target\":[\"https:\/\/www.montpellier2028.eu\/en\/debate-the-international-situation-of-lgbtqia-rights\/\"]}]},{\"@type\":\"ImageObject\",\"inLanguage\":\"en-US\",\"@id\":\"https:\/\/www.montpellier2028.eu\/en\/debate-the-international-situation-of-lgbtqia-rights\/#primaryimage\",\"url\":\"https:\/\/www.montpellier2028.eu\/wp-content\/uploads\/2023\/06\/bandeau-pride-scaled.jpg\",\"contentUrl\":\"https:\/\/www.montpellier2028.eu\/wp-content\/uploads\/2023\/06\/bandeau-pride-scaled.jpg\",\"width\":2560,\"height\":1144},{\"@type\":\"BreadcrumbList\",\"@id\":\"https:\/\/www.montpellier2028.eu\/en\/debate-the-international-situation-of-lgbtqia-rights\/#breadcrumb\",\"itemListElement\":[{\"@type\":\"ListItem\",\"position\":1,\"name\":\"Home\",\"item\":\"https:\/\/www.montpellier2028.eu\/en\/\"},{\"@type\":\"ListItem\",\"position\":2,\"name\":\"Debate: the international situation of LGBTQIA+ rights\"}]},{\"@type\":\"WebSite\",\"@id\":\"https:\/\/www.montpellier2028.eu\/en\/#website\",\"url\":\"https:\/\/www.montpellier2028.eu\/en\/\",\"name\":\"Montpellier 2028\",\"description\":\"Construisons ensemble!\",\"publisher\":{\"@id\":\"https:\/\/www.montpellier2028.eu\/en\/#organization\"},\"potentialAction\":[{\"@type\":\"SearchAction\",\"target\":{\"@type\":\"EntryPoint\",\"urlTemplate\":\"https:\/\/www.montpellier2028.eu\/en\/?s={search_term_string}\"},\"query-input\":{\"@type\":\"PropertyValueSpecification\",\"valueRequired\":true,\"valueName\":\"search_term_string\"}}],\"inLanguage\":\"en-US\"},{\"@type\":\"Organization\",\"@id\":\"https:\/\/www.montpellier2028.eu\/en\/#organization\",\"name\":\"Montpellier 2028\",\"url\":\"https:\/\/www.montpellier2028.eu\/en\/\",\"logo\":{\"@type\":\"ImageObject\",\"inLanguage\":\"en-US\",\"@id\":\"https:\/\/www.montpellier2028.eu\/en\/#\/schema\/logo\/image\/\",\"url\":\"https:\/\/www.montpellier2028.eu\/wp-content\/uploads\/2022\/09\/cropped-small-logo-lg.png\",\"contentUrl\":\"https:\/\/www.montpellier2028.eu\/wp-content\/uploads\/2022\/09\/cropped-small-logo-lg.png\",\"width\":512,\"height\":512,\"caption\":\"Montpellier 2028\"},\"image\":{\"@id\":\"https:\/\/www.montpellier2028.eu\/en\/#\/schema\/logo\/image\/\"},\"sameAs\":[\"https:\/\/www.facebook.com\/montpellier2028\",\"https:\/\/x.com\/mtp2028\",\"https:\/\/www.instagram.com\/montpellier2028\/\",\"https:\/\/www.linkedin.com\/showcase\/montpellier2028\/about\/\"]},{\"@type\":\"Person\",\"@id\":\"https:\/\/www.montpellier2028.eu\/en\/#\/schema\/person\/4c0d4fa82b1bc8aaaae28c151aad0915\",\"name\":\"Lisa Fraisse\",\"url\":\"https:\/\/www.montpellier2028.eu\/en\/author\/lisafraisse\/\"}]}<\/script>\n<!-- \/ Yoast SEO plugin. -->","yoast_head_json":{"title":"Debate: the international situation of LGBTQIA+ rights - Montpellier 2028","robots":{"index":"index","follow":"follow","max-snippet":"max-snippet:-1","max-image-preview":"max-image-preview:large","max-video-preview":"max-video-preview:-1"},"canonical":"https:\/\/www.montpellier2028.eu\/en\/debate-the-international-situation-of-lgbtqia-rights\/","og_locale":"en_US","og_type":"article","og_title":"Debate: the international situation of LGBTQIA+ rights - Montpellier 2028","og_description":"&nbsp;","og_url":"https:\/\/www.montpellier2028.eu\/en\/debate-the-international-situation-of-lgbtqia-rights\/","og_site_name":"Montpellier 2028","article_publisher":"https:\/\/www.facebook.com\/montpellier2028","article_published_time":"2023-06-14T15:39:24+00:00","article_modified_time":"2023-06-16T09:16:47+00:00","og_image":[{"width":2560,"height":1144,"url":"https:\/\/www.montpellier2028.eu\/wp-content\/uploads\/2023\/06\/bandeau-pride-scaled-e1686757622941.jpg","type":"image\/jpeg"}],"author":"Lisa Fraisse","twitter_card":"summary_large_image","twitter_creator":"@mtp2028","twitter_site":"@mtp2028","twitter_misc":{"Written by":"Lisa Fraisse","Est. reading time":"1 minute"},"schema":{"@context":"https:\/\/schema.org","@graph":[{"@type":"Article","@id":"https:\/\/www.montpellier2028.eu\/en\/debate-the-international-situation-of-lgbtqia-rights\/#article","isPartOf":{"@id":"https:\/\/www.montpellier2028.eu\/en\/debate-the-international-situation-of-lgbtqia-rights\/"},"author":{"name":"Lisa Fraisse","@id":"https:\/\/www.montpellier2028.eu\/en\/#\/schema\/person\/4c0d4fa82b1bc8aaaae28c151aad0915"},"headline":"Debate: the international situation of LGBTQIA+ rights","datePublished":"2023-06-14T15:39:24+00:00","dateModified":"2023-06-16T09:16:47+00:00","mainEntityOfPage":{"@id":"https:\/\/www.montpellier2028.eu\/en\/debate-the-international-situation-of-lgbtqia-rights\/"},"wordCount":194,"publisher":{"@id":"https:\/\/www.montpellier2028.eu\/en\/#organization"},"image":{"@id":"https:\/\/www.montpellier2028.eu\/en\/debate-the-international-situation-of-lgbtqia-rights\/#primaryimage"},"thumbnailUrl":"https:\/\/www.montpellier2028.eu\/wp-content\/uploads\/2023\/06\/bandeau-pride-scaled.jpg","inLanguage":"en-US"},{"@type":"WebPage","@id":"https:\/\/www.montpellier2028.eu\/en\/debate-the-international-situation-of-lgbtqia-rights\/","url":"https:\/\/www.montpellier2028.eu\/en\/debate-the-international-situation-of-lgbtqia-rights\/","name":"Debate: the international situation of LGBTQIA+ rights - Montpellier 2028","isPartOf":{"@id":"https:\/\/www.montpellier2028.eu\/en\/#website"},"primaryImageOfPage":{"@id":"https:\/\/www.montpellier2028.eu\/en\/debate-the-international-situation-of-lgbtqia-rights\/#primaryimage"},"image":{"@id":"https:\/\/www.montpellier2028.eu\/en\/debate-the-international-situation-of-lgbtqia-rights\/#primaryimage"},"thumbnailUrl":"https:\/\/www.montpellier2028.eu\/wp-content\/uploads\/2023\/06\/bandeau-pride-scaled.jpg","datePublished":"2023-06-14T15:39:24+00:00","dateModified":"2023-06-16T09:16:47+00:00","breadcrumb":{"@id":"https:\/\/www.montpellier2028.eu\/en\/debate-the-international-situation-of-lgbtqia-rights\/#breadcrumb"},"inLanguage":"en-US","potentialAction":[{"@type":"ReadAction","target":["https:\/\/www.montpellier2028.eu\/en\/debate-the-international-situation-of-lgbtqia-rights\/"]}]},{"@type":"ImageObject","inLanguage":"en-US","@id":"https:\/\/www.montpellier2028.eu\/en\/debate-the-international-situation-of-lgbtqia-rights\/#primaryimage","url":"https:\/\/www.montpellier2028.eu\/wp-content\/uploads\/2023\/06\/bandeau-pride-scaled.jpg","contentUrl":"https:\/\/www.montpellier2028.eu\/wp-content\/uploads\/2023\/06\/bandeau-pride-scaled.jpg","width":2560,"height":1144},{"@type":"BreadcrumbList","@id":"https:\/\/www.montpellier2028.eu\/en\/debate-the-international-situation-of-lgbtqia-rights\/#breadcrumb","itemListElement":[{"@type":"ListItem","position":1,"name":"Home","item":"https:\/\/www.montpellier2028.eu\/en\/"},{"@type":"ListItem","position":2,"name":"Debate: the international situation of LGBTQIA+ rights"}]},{"@type":"WebSite","@id":"https:\/\/www.montpellier2028.eu\/en\/#website","url":"https:\/\/www.montpellier2028.eu\/en\/","name":"Montpellier 2028","description":"Construisons ensemble!","publisher":{"@id":"https:\/\/www.montpellier2028.eu\/en\/#organization"},"potentialAction":[{"@type":"SearchAction","target":{"@type":"EntryPoint","urlTemplate":"https:\/\/www.montpellier2028.eu\/en\/?s={search_term_string}"},"query-input":{"@type":"PropertyValueSpecification","valueRequired":true,"valueName":"search_term_string"}}],"inLanguage":"en-US"},{"@type":"Organization","@id":"https:\/\/www.montpellier2028.eu\/en\/#organization","name":"Montpellier 2028","url":"https:\/\/www.montpellier2028.eu\/en\/","logo":{"@type":"ImageObject","inLanguage":"en-US","@id":"https:\/\/www.montpellier2028.eu\/en\/#\/schema\/logo\/image\/","url":"https:\/\/www.montpellier2028.eu\/wp-content\/uploads\/2022\/09\/cropped-small-logo-lg.png","contentUrl":"https:\/\/www.montpellier2028.eu\/wp-content\/uploads\/2022\/09\/cropped-small-logo-lg.png","width":512,"height":512,"caption":"Montpellier 2028"},"image":{"@id":"https:\/\/www.montpellier2028.eu\/en\/#\/schema\/logo\/image\/"},"sameAs":["https:\/\/www.facebook.com\/montpellier2028","https:\/\/x.com\/mtp2028","https:\/\/www.instagram.com\/montpellier2028\/","https:\/\/www.linkedin.com\/showcase\/montpellier2028\/about\/"]},{"@type":"Person","@id":"https:\/\/www.montpellier2028.eu\/en\/#\/schema\/person\/4c0d4fa82b1bc8aaaae28c151aad0915","name":"Lisa Fraisse","url":"https:\/\/www.montpellier2028.eu\/en\/author\/lisafraisse\/"}]}},"_links":{"self":[{"href":"https:\/\/www.montpellier2028.eu\/en\/wp-json\/wp\/v2\/posts\/4106","targetHints":{"allow":["GET"]}}],"collection":[{"href":"https:\/\/www.montpellier2028.eu\/en\/wp-json\/wp\/v2\/posts"}],"about":[{"href":"https:\/\/www.montpellier2028.eu\/en\/wp-json\/wp\/v2\/types\/post"}],"author":[{"embeddable":true,"href":"https:\/\/www.montpellier2028.eu\/en\/wp-json\/wp\/v2\/users\/3"}],"replies":[{"embeddable":true,"href":"https:\/\/www.montpellier2028.eu\/en\/wp-json\/wp\/v2\/comments?post=4106"}],"version-history":[{"count":4,"href":"https:\/\/www.montpellier2028.eu\/en\/wp-json\/wp\/v2\/posts\/4106\/revisions"}],"predecessor-version":[{"id":4137,"href":"https:\/\/www.montpellier2028.eu\/en\/wp-json\/wp\/v2\/posts\/4106\/revisions\/4137"}],"wp:featuredmedia":[{"embeddable":true,"href":"https:\/\/www.montpellier2028.eu\/en\/wp-json\/wp\/v2\/media\/4090"}],"wp:attachment":[{"href":"https:\/\/www.montpellier2028.eu\/en\/wp-json\/wp\/v2\/media?parent=4106"}],"wp:term":[{"taxonomy":"category","embeddable":true,"href":"https:\/\/www.montpellier2028.eu\/en\/wp-json\/wp\/v2\/categories?post=4106"},{"taxonomy":"post_tag","embeddable":true,"href":"https:\/\/www.montpellier2028.eu\/en\/wp-json\/wp\/v2\/tags?post=4106"}],"curies":[{"name":"wp","href":"https:\/\/api.w.org\/{rel}","templated":true}]}}