{"id":4309,"date":"2023-07-04T16:15:33","date_gmt":"2023-07-04T14:15:33","guid":{"rendered":"https:\/\/www.montpellier2028.eu\/montpellier-in-brussels\/"},"modified":"2023-07-04T16:21:58","modified_gmt":"2023-07-04T14:21:58","slug":"montpellier-in-brussels","status":"publish","type":"post","link":"https:\/\/www.montpellier2028.eu\/en\/montpellier-in-brussels\/","title":{"rendered":"Montpellier in Brussels"},"content":{"rendered":"\n<p>Micha\u00ebl Delafosse, Mayor of Montpellier, President of the Montpellier M\u00e9tropole, Clare Hart, Vice-President of the Montpellier M\u00e9tropole, Nicolas Dubourg, Artistic Director of Montpellier 2028, and Sophie L\u00e9ron, Strategic Director of Montpellier 2028, traveled to Brussels for 2 days of meetings as part of <a href=\"https:\/\/www.facebook.com\/montpellier2028?__cft__%5b0%5d=AZXuJfBdn_rdTeXl0dTy131IHWfXAip_gEcBscwayKsQuUXB0Yiercc2AGH3X-LTmRbgTXV17LgGbpJW9clNtpklEEF0cBY8wnW3gIRhy5-LVtQmISThBAVcOturz7IVGIrAjm8ep8hAXjyiCXUduueCbI8BZV12tFP3Q-GpSIAoPzGhI0JU5fem_c_go-pK5XY&amp;__tn__=-%5dK-R\" target=\"_blank\" rel=\"noreferrer noopener\">Montpellier 2028<\/a>&#8216;s bid for the title of European Capital of Culture.<\/p>\n\n<p>The program was filled with exchanges, including meetings with the IETM Network (International network for contemporary performing arts), the Office of the Vice-President of the European Commission, Margaritis Schinas, Culture Action Europe network, Andr\u00e9 Sobczak, Secretary General of Eurocities, and Julie Herv\u00e9, Culture Manager, and Georg Haeusler, Director of Culture, Creativity, and Sports of the European Commission.<\/p>\n\n<p>It was also an opportunity to introduce Montpellier 2028&#8217;s candidacy to the European Parliament, with the presence of Ir\u00e8ne Tolleret, Member of the European Parliament.<\/p>\n","protected":false},"excerpt":{"rendered":"<p>&nbsp;<\/p>\n","protected":false},"author":3,"featured_media":4299,"comment_status":"closed","ping_status":"open","sticky":false,"template":"","format":"standard","meta":{"_acf_changed":false,"footnotes":""},"categories":[15],"tags":[],"class_list":["post-4309","post","type-post","status-publish","format-standard","has-post-thumbnail","hentry","category-uncategorized"],"acf":[],"yoast_head":"<!-- This site is optimized with the Yoast SEO plugin v24.8 - https:\/\/yoast.com\/wordpress\/plugins\/seo\/ -->\n<title>Montpellier in Brussels - Montpellier 2028<\/title>\n<meta name=\"robots\" content=\"index, follow, max-snippet:-1, max-image-preview:large, max-video-preview:-1\" \/>\n<link rel=\"canonical\" href=\"https:\/\/www.montpellier2028.eu\/en\/montpellier-in-brussels\/\" \/>\n<meta property=\"og:locale\" content=\"en_US\" \/>\n<meta property=\"og:type\" content=\"article\" \/>\n<meta property=\"og:title\" content=\"Montpellier in Brussels - Montpellier 2028\" \/>\n<meta property=\"og:description\" content=\"&nbsp;\" \/>\n<meta property=\"og:url\" content=\"https:\/\/www.montpellier2028.eu\/en\/montpellier-in-brussels\/\" \/>\n<meta property=\"og:site_name\" content=\"Montpellier 2028\" \/>\n<meta property=\"article:publisher\" content=\"https:\/\/www.facebook.com\/montpellier2028\" \/>\n<meta property=\"article:published_time\" content=\"2023-07-04T14:15:33+00:00\" \/>\n<meta property=\"article:modified_time\" content=\"2023-07-04T14:21:58+00:00\" \/>\n<meta property=\"og:image\" content=\"https:\/\/www.montpellier2028.eu\/wp-content\/uploads\/2023\/07\/bandeau-bruxelles-scaled.jpg\" \/>\n\t<meta property=\"og:image:width\" content=\"2560\" \/>\n\t<meta property=\"og:image:height\" content=\"1144\" \/>\n\t<meta property=\"og:image:type\" content=\"image\/jpeg\" \/>\n<meta name=\"author\" content=\"Lisa Fraisse\" \/>\n<meta name=\"twitter:card\" content=\"summary_large_image\" \/>\n<meta name=\"twitter:creator\" content=\"@mtp2028\" \/>\n<meta name=\"twitter:site\" content=\"@mtp2028\" \/>\n<meta name=\"twitter:label1\" content=\"Written by\" \/>\n\t<meta name=\"twitter:data1\" content=\"Lisa Fraisse\" \/>\n\t<meta name=\"twitter:label2\" content=\"Est. reading time\" \/>\n\t<meta name=\"twitter:data2\" content=\"1 minute\" \/>\n<script type=\"application\/ld+json\" class=\"yoast-schema-graph\">{\"@context\":\"https:\/\/schema.org\",\"@graph\":[{\"@type\":\"Article\",\"@id\":\"https:\/\/www.montpellier2028.eu\/en\/montpellier-in-brussels\/#article\",\"isPartOf\":{\"@id\":\"https:\/\/www.montpellier2028.eu\/en\/montpellier-in-brussels\/\"},\"author\":{\"name\":\"Lisa Fraisse\",\"@id\":\"https:\/\/www.montpellier2028.eu\/en\/#\/schema\/person\/4c0d4fa82b1bc8aaaae28c151aad0915\"},\"headline\":\"Montpellier in Brussels\",\"datePublished\":\"2023-07-04T14:15:33+00:00\",\"dateModified\":\"2023-07-04T14:21:58+00:00\",\"mainEntityOfPage\":{\"@id\":\"https:\/\/www.montpellier2028.eu\/en\/montpellier-in-brussels\/\"},\"wordCount\":141,\"publisher\":{\"@id\":\"https:\/\/www.montpellier2028.eu\/en\/#organization\"},\"image\":{\"@id\":\"https:\/\/www.montpellier2028.eu\/en\/montpellier-in-brussels\/#primaryimage\"},\"thumbnailUrl\":\"https:\/\/www.montpellier2028.eu\/wp-content\/uploads\/2023\/07\/bandeau-bruxelles-scaled.jpg\",\"inLanguage\":\"en-US\"},{\"@type\":\"WebPage\",\"@id\":\"https:\/\/www.montpellier2028.eu\/en\/montpellier-in-brussels\/\",\"url\":\"https:\/\/www.montpellier2028.eu\/en\/montpellier-in-brussels\/\",\"name\":\"Montpellier in Brussels - Montpellier 2028\",\"isPartOf\":{\"@id\":\"https:\/\/www.montpellier2028.eu\/en\/#website\"},\"primaryImageOfPage\":{\"@id\":\"https:\/\/www.montpellier2028.eu\/en\/montpellier-in-brussels\/#primaryimage\"},\"image\":{\"@id\":\"https:\/\/www.montpellier2028.eu\/en\/montpellier-in-brussels\/#primaryimage\"},\"thumbnailUrl\":\"https:\/\/www.montpellier2028.eu\/wp-content\/uploads\/2023\/07\/bandeau-bruxelles-scaled.jpg\",\"datePublished\":\"2023-07-04T14:15:33+00:00\",\"dateModified\":\"2023-07-04T14:21:58+00:00\",\"breadcrumb\":{\"@id\":\"https:\/\/www.montpellier2028.eu\/en\/montpellier-in-brussels\/#breadcrumb\"},\"inLanguage\":\"en-US\",\"potentialAction\":[{\"@type\":\"ReadAction\",\"target\":[\"https:\/\/www.montpellier2028.eu\/en\/montpellier-in-brussels\/\"]}]},{\"@type\":\"ImageObject\",\"inLanguage\":\"en-US\",\"@id\":\"https:\/\/www.montpellier2028.eu\/en\/montpellier-in-brussels\/#primaryimage\",\"url\":\"https:\/\/www.montpellier2028.eu\/wp-content\/uploads\/2023\/07\/bandeau-bruxelles-scaled.jpg\",\"contentUrl\":\"https:\/\/www.montpellier2028.eu\/wp-content\/uploads\/2023\/07\/bandeau-bruxelles-scaled.jpg\",\"width\":2560,\"height\":1144},{\"@type\":\"BreadcrumbList\",\"@id\":\"https:\/\/www.montpellier2028.eu\/en\/montpellier-in-brussels\/#breadcrumb\",\"itemListElement\":[{\"@type\":\"ListItem\",\"position\":1,\"name\":\"Home\",\"item\":\"https:\/\/www.montpellier2028.eu\/en\/\"},{\"@type\":\"ListItem\",\"position\":2,\"name\":\"Montpellier in Brussels\"}]},{\"@type\":\"WebSite\",\"@id\":\"https:\/\/www.montpellier2028.eu\/en\/#website\",\"url\":\"https:\/\/www.montpellier2028.eu\/en\/\",\"name\":\"Montpellier 2028\",\"description\":\"Construisons ensemble!\",\"publisher\":{\"@id\":\"https:\/\/www.montpellier2028.eu\/en\/#organization\"},\"potentialAction\":[{\"@type\":\"SearchAction\",\"target\":{\"@type\":\"EntryPoint\",\"urlTemplate\":\"https:\/\/www.montpellier2028.eu\/en\/?s={search_term_string}\"},\"query-input\":{\"@type\":\"PropertyValueSpecification\",\"valueRequired\":true,\"valueName\":\"search_term_string\"}}],\"inLanguage\":\"en-US\"},{\"@type\":\"Organization\",\"@id\":\"https:\/\/www.montpellier2028.eu\/en\/#organization\",\"name\":\"Montpellier 2028\",\"url\":\"https:\/\/www.montpellier2028.eu\/en\/\",\"logo\":{\"@type\":\"ImageObject\",\"inLanguage\":\"en-US\",\"@id\":\"https:\/\/www.montpellier2028.eu\/en\/#\/schema\/logo\/image\/\",\"url\":\"https:\/\/www.montpellier2028.eu\/wp-content\/uploads\/2022\/09\/cropped-small-logo-lg.png\",\"contentUrl\":\"https:\/\/www.montpellier2028.eu\/wp-content\/uploads\/2022\/09\/cropped-small-logo-lg.png\",\"width\":512,\"height\":512,\"caption\":\"Montpellier 2028\"},\"image\":{\"@id\":\"https:\/\/www.montpellier2028.eu\/en\/#\/schema\/logo\/image\/\"},\"sameAs\":[\"https:\/\/www.facebook.com\/montpellier2028\",\"https:\/\/x.com\/mtp2028\",\"https:\/\/www.instagram.com\/montpellier2028\/\",\"https:\/\/www.linkedin.com\/showcase\/montpellier2028\/about\/\"]},{\"@type\":\"Person\",\"@id\":\"https:\/\/www.montpellier2028.eu\/en\/#\/schema\/person\/4c0d4fa82b1bc8aaaae28c151aad0915\",\"name\":\"Lisa Fraisse\",\"url\":\"https:\/\/www.montpellier2028.eu\/en\/author\/lisafraisse\/\"}]}<\/script>\n<!-- \/ Yoast SEO plugin. -->","yoast_head_json":{"title":"Montpellier in Brussels - Montpellier 2028","robots":{"index":"index","follow":"follow","max-snippet":"max-snippet:-1","max-image-preview":"max-image-preview:large","max-video-preview":"max-video-preview:-1"},"canonical":"https:\/\/www.montpellier2028.eu\/en\/montpellier-in-brussels\/","og_locale":"en_US","og_type":"article","og_title":"Montpellier in Brussels - Montpellier 2028","og_description":"&nbsp;","og_url":"https:\/\/www.montpellier2028.eu\/en\/montpellier-in-brussels\/","og_site_name":"Montpellier 2028","article_publisher":"https:\/\/www.facebook.com\/montpellier2028","article_published_time":"2023-07-04T14:15:33+00:00","article_modified_time":"2023-07-04T14:21:58+00:00","og_image":[{"width":2560,"height":1144,"url":"https:\/\/www.montpellier2028.eu\/wp-content\/uploads\/2023\/07\/bandeau-bruxelles-scaled.jpg","type":"image\/jpeg"}],"author":"Lisa Fraisse","twitter_card":"summary_large_image","twitter_creator":"@mtp2028","twitter_site":"@mtp2028","twitter_misc":{"Written by":"Lisa Fraisse","Est. reading time":"1 minute"},"schema":{"@context":"https:\/\/schema.org","@graph":[{"@type":"Article","@id":"https:\/\/www.montpellier2028.eu\/en\/montpellier-in-brussels\/#article","isPartOf":{"@id":"https:\/\/www.montpellier2028.eu\/en\/montpellier-in-brussels\/"},"author":{"name":"Lisa Fraisse","@id":"https:\/\/www.montpellier2028.eu\/en\/#\/schema\/person\/4c0d4fa82b1bc8aaaae28c151aad0915"},"headline":"Montpellier in Brussels","datePublished":"2023-07-04T14:15:33+00:00","dateModified":"2023-07-04T14:21:58+00:00","mainEntityOfPage":{"@id":"https:\/\/www.montpellier2028.eu\/en\/montpellier-in-brussels\/"},"wordCount":141,"publisher":{"@id":"https:\/\/www.montpellier2028.eu\/en\/#organization"},"image":{"@id":"https:\/\/www.montpellier2028.eu\/en\/montpellier-in-brussels\/#primaryimage"},"thumbnailUrl":"https:\/\/www.montpellier2028.eu\/wp-content\/uploads\/2023\/07\/bandeau-bruxelles-scaled.jpg","inLanguage":"en-US"},{"@type":"WebPage","@id":"https:\/\/www.montpellier2028.eu\/en\/montpellier-in-brussels\/","url":"https:\/\/www.montpellier2028.eu\/en\/montpellier-in-brussels\/","name":"Montpellier in Brussels - Montpellier 2028","isPartOf":{"@id":"https:\/\/www.montpellier2028.eu\/en\/#website"},"primaryImageOfPage":{"@id":"https:\/\/www.montpellier2028.eu\/en\/montpellier-in-brussels\/#primaryimage"},"image":{"@id":"https:\/\/www.montpellier2028.eu\/en\/montpellier-in-brussels\/#primaryimage"},"thumbnailUrl":"https:\/\/www.montpellier2028.eu\/wp-content\/uploads\/2023\/07\/bandeau-bruxelles-scaled.jpg","datePublished":"2023-07-04T14:15:33+00:00","dateModified":"2023-07-04T14:21:58+00:00","breadcrumb":{"@id":"https:\/\/www.montpellier2028.eu\/en\/montpellier-in-brussels\/#breadcrumb"},"inLanguage":"en-US","potentialAction":[{"@type":"ReadAction","target":["https:\/\/www.montpellier2028.eu\/en\/montpellier-in-brussels\/"]}]},{"@type":"ImageObject","inLanguage":"en-US","@id":"https:\/\/www.montpellier2028.eu\/en\/montpellier-in-brussels\/#primaryimage","url":"https:\/\/www.montpellier2028.eu\/wp-content\/uploads\/2023\/07\/bandeau-bruxelles-scaled.jpg","contentUrl":"https:\/\/www.montpellier2028.eu\/wp-content\/uploads\/2023\/07\/bandeau-bruxelles-scaled.jpg","width":2560,"height":1144},{"@type":"BreadcrumbList","@id":"https:\/\/www.montpellier2028.eu\/en\/montpellier-in-brussels\/#breadcrumb","itemListElement":[{"@type":"ListItem","position":1,"name":"Home","item":"https:\/\/www.montpellier2028.eu\/en\/"},{"@type":"ListItem","position":2,"name":"Montpellier in Brussels"}]},{"@type":"WebSite","@id":"https:\/\/www.montpellier2028.eu\/en\/#website","url":"https:\/\/www.montpellier2028.eu\/en\/","name":"Montpellier 2028","description":"Construisons ensemble!","publisher":{"@id":"https:\/\/www.montpellier2028.eu\/en\/#organization"},"potentialAction":[{"@type":"SearchAction","target":{"@type":"EntryPoint","urlTemplate":"https:\/\/www.montpellier2028.eu\/en\/?s={search_term_string}"},"query-input":{"@type":"PropertyValueSpecification","valueRequired":true,"valueName":"search_term_string"}}],"inLanguage":"en-US"},{"@type":"Organization","@id":"https:\/\/www.montpellier2028.eu\/en\/#organization","name":"Montpellier 2028","url":"https:\/\/www.montpellier2028.eu\/en\/","logo":{"@type":"ImageObject","inLanguage":"en-US","@id":"https:\/\/www.montpellier2028.eu\/en\/#\/schema\/logo\/image\/","url":"https:\/\/www.montpellier2028.eu\/wp-content\/uploads\/2022\/09\/cropped-small-logo-lg.png","contentUrl":"https:\/\/www.montpellier2028.eu\/wp-content\/uploads\/2022\/09\/cropped-small-logo-lg.png","width":512,"height":512,"caption":"Montpellier 2028"},"image":{"@id":"https:\/\/www.montpellier2028.eu\/en\/#\/schema\/logo\/image\/"},"sameAs":["https:\/\/www.facebook.com\/montpellier2028","https:\/\/x.com\/mtp2028","https:\/\/www.instagram.com\/montpellier2028\/","https:\/\/www.linkedin.com\/showcase\/montpellier2028\/about\/"]},{"@type":"Person","@id":"https:\/\/www.montpellier2028.eu\/en\/#\/schema\/person\/4c0d4fa82b1bc8aaaae28c151aad0915","name":"Lisa Fraisse","url":"https:\/\/www.montpellier2028.eu\/en\/author\/lisafraisse\/"}]}},"_links":{"self":[{"href":"https:\/\/www.montpellier2028.eu\/en\/wp-json\/wp\/v2\/posts\/4309","targetHints":{"allow":["GET"]}}],"collection":[{"href":"https:\/\/www.montpellier2028.eu\/en\/wp-json\/wp\/v2\/posts"}],"about":[{"href":"https:\/\/www.montpellier2028.eu\/en\/wp-json\/wp\/v2\/types\/post"}],"author":[{"embeddable":true,"href":"https:\/\/www.montpellier2028.eu\/en\/wp-json\/wp\/v2\/users\/3"}],"replies":[{"embeddable":true,"href":"https:\/\/www.montpellier2028.eu\/en\/wp-json\/wp\/v2\/comments?post=4309"}],"version-history":[{"count":1,"href":"https:\/\/www.montpellier2028.eu\/en\/wp-json\/wp\/v2\/posts\/4309\/revisions"}],"predecessor-version":[{"id":4310,"href":"https:\/\/www.montpellier2028.eu\/en\/wp-json\/wp\/v2\/posts\/4309\/revisions\/4310"}],"wp:featuredmedia":[{"embeddable":true,"href":"https:\/\/www.montpellier2028.eu\/en\/wp-json\/wp\/v2\/media\/4299"}],"wp:attachment":[{"href":"https:\/\/www.montpellier2028.eu\/en\/wp-json\/wp\/v2\/media?parent=4309"}],"wp:term":[{"taxonomy":"category","embeddable":true,"href":"https:\/\/www.montpellier2028.eu\/en\/wp-json\/wp\/v2\/categories?post=4309"},{"taxonomy":"post_tag","embeddable":true,"href":"https:\/\/www.montpellier2028.eu\/en\/wp-json\/wp\/v2\/tags?post=4309"}],"curies":[{"name":"wp","href":"https:\/\/api.w.org\/{rel}","templated":true}]}}