{"id":6849,"date":"2024-07-11T12:12:40","date_gmt":"2024-07-11T10:12:40","guid":{"rendered":"https:\/\/www.montpellier2028.eu\/tendance-floue-exhibition-on-the-corum-roof\/"},"modified":"2025-01-21T10:36:33","modified_gmt":"2025-01-21T09:36:33","slug":"tendance-floue-exhibition-on-the-corum-roof","status":"publish","type":"post","link":"https:\/\/www.montpellier2028.eu\/en\/tendance-floue-exhibition-on-the-corum-roof\/","title":{"rendered":"Tendance Floue exhibition on the Corum roof"},"content":{"rendered":"\n<p>To mark the opening of Panorama, which makes the Corum <em>roof<\/em> the most open and unexpected rooftop in the region, M28 -Terres de culture presents a selection of images taken in 2022 and 2023 by photographers from the Tendance Floue collective in residence in the Montpellier-S\u00e8te catchment area.<\/p>\n\n<p>Exhibition from July 12, Tuesday to Sunday, 6pm to 1am<br\/>Location: Panorama &#8211; toit du Corum, Esplanade Charles-de-Gaulle, des Arts et de la Culture (Montpellier)<\/p>\n\n<p><strong>Tendance Floue on M28 territory<\/strong> <\/p>\n\n<p>Six photographers from the Tendance Floue collective &#8211; Denis Bourges, Gilles Coulon, Yohanne Lamoul\u00e8re, Flore-A\u00ebl Surun, Patrick Tourneboeuf and Alain Willaume &#8211; turned their singular gaze on the M28 territory. From Montpellier&#8217;s first tramway line to the Pic-Saint Loup, on the water, on the roads or along the byways, these artists have showcased the diversity and richness of the region.<\/p>\n\n<p>Find out more about the artists and the residency podcast <a href=\"https:\/\/www.montpellier2028.eu\/en\/the-tendance-floue-residency\/\" target=\"_blank\" rel=\"noreferrer noopener\">here<\/a>.<\/p>\n\n<p><strong>Tendance Floue<\/strong> is a group of French photographers who have won international awards for their work at the crossroads of the social, the cultural, the documentary and the artistic. Exploring the world against the tide of a globalized image, peering into the shadows of exhibited subjects, capturing moments apart: Tendance Floue is a unique laboratory. Over the past thirty years, an indefinable alchemy of ideas and energies has created a singular photographic language, and renewed the terrain of narrative. <br\/>Over and above their individual approaches, the photographers embark on photographic adventures of a different kind, with a performance feel. Confronting images, assembling them, combining them: new material emerges from the shared work. Press, publishing, exhibitions, screenings, communications: the collective explores every medium of contemporary photography, with no holds barred. Nearly thirty years after it was founded, Tendance Floue is now recognized as a major player in French photography, and leading institutions call on its collective creativity.<\/p>\n\n<p><strong>Panorama<\/strong><\/p>\n\n<p>From July 12, 2024, the roof of the Corum in Montpellier will be transformed into a place of life, conviviality and attractiveness as part of the 6th \u201cPermis d&#8217;Imaginer\u201d, a transitional urban planning project driven by Micha\u00ebl Delafosse, Mayor of Montpellier and President of Montpellier M\u00e9diterran\u00e9e M\u00e9tropole. With the help of Altemed and the Halle Tropisme team, winners of the call for expressions of interest launched at the beginning of May, this new space, open to all, is part of the strategy to transform the city center, following on from the embellishment of Place de la Com\u00e9die and Esplanade Charles-de-Gaulle.<\/p>\n\n<p>Panorama &#8211; Un \u00e9t\u00e9 sur le toit du Corum: a cultural, gastronomic and recreational program is open to the public from Tuesday to Sunday, 6 pm to 1 am, from July 12 to October 12, 2024.<\/p>\n\n<p>Find out more <a href=\"https:\/\/panorama.coop\/\">here<\/a>.<\/p>\n\n<p>&#8212;<\/p>\n\n<p><strong>On the occasion of Panorama &#8211; Un \u00e9t\u00e9 sur le toit du Corum, in Montpellier from July 12 to October 12, M28 &#8211; Terres de culture is offering you the chance to win an Interrail pass.<\/strong><\/p>\n\n<p>Try your luck at exploring Europe by train &#8211; 7 days of travel in 33 European countries!<\/p>\n\n<p>How to enter?<\/p>\n\n<ol class=\"wp-block-list\">\n<li>Rendez-vous \u00e0 Panorama sur le toit du Corum &#8211; Esplanade Charles-de-Gaulle, des Arts et de la Culture<\/li>\n\n\n\n<li>Publiez en story votre plus belle photo du toit ou depuis le toit du Corum (une jolie vue sur le territoire M28 vous attend) du 12 juillet \u00e0 18h jusqu\u2019au 17 juillet 2024 \u00e0 1h<\/li>\n\n\n\n<li>Utiliser les hashtags\u00a0<strong>#M28Terresdeculture #panorama<\/strong><\/li>\n\n\n\n<li>Taguer @montpellier2028<\/li>\n<\/ol>\n\n<p>A draw will determine the winner.<\/p>\n\n<p>Find <strong>the contest rules <a href=\"https:\/\/www.montpellier2028.eu\/wp-content\/uploads\/2024\/07\/Reglement-concours-Panorama-TF.pdf\" target=\"_blank\" rel=\"noreferrer noopener\">here<\/a><\/strong>. <\/p>\n\n<p>Please note that for your entry to be taken into account, your account must be public for the duration of the game.<\/p>\n\n<p>Good luck to you all!<\/p>\n\n<p>Find out more about the<strong> Panorama program <a href=\"https:\/\/panorama.coop\/agenda\">here<\/a>.<\/strong><\/p>\n","protected":false},"excerpt":{"rendered":"<p>&nbsp;<\/p>\n","protected":false},"author":7,"featured_media":6884,"comment_status":"closed","ping_status":"open","sticky":false,"template":"","format":"standard","meta":{"_acf_changed":false,"footnotes":""},"categories":[15],"tags":[],"class_list":["post-6849","post","type-post","status-publish","format-standard","has-post-thumbnail","hentry","category-uncategorized"],"acf":[],"yoast_head":"<!-- This site is optimized with the Yoast SEO plugin v24.8 - https:\/\/yoast.com\/wordpress\/plugins\/seo\/ -->\n<title>Tendance Floue exhibition on the Corum roof - Montpellier 2028<\/title>\n<meta name=\"robots\" content=\"index, follow, max-snippet:-1, max-image-preview:large, max-video-preview:-1\" \/>\n<link rel=\"canonical\" href=\"https:\/\/www.montpellier2028.eu\/en\/tendance-floue-exhibition-on-the-corum-roof\/\" \/>\n<meta property=\"og:locale\" content=\"en_US\" \/>\n<meta property=\"og:type\" content=\"article\" \/>\n<meta property=\"og:title\" content=\"Tendance Floue exhibition on the Corum roof - Montpellier 2028\" \/>\n<meta property=\"og:description\" content=\"&nbsp;\" \/>\n<meta property=\"og:url\" content=\"https:\/\/www.montpellier2028.eu\/en\/tendance-floue-exhibition-on-the-corum-roof\/\" \/>\n<meta property=\"og:site_name\" content=\"Montpellier 2028\" \/>\n<meta property=\"article:publisher\" content=\"https:\/\/www.facebook.com\/montpellier2028\" \/>\n<meta property=\"article:published_time\" content=\"2024-07-11T10:12:40+00:00\" \/>\n<meta property=\"article:modified_time\" content=\"2025-01-21T09:36:33+00:00\" \/>\n<meta property=\"og:image\" content=\"https:\/\/www.montpellier2028.eu\/wp-content\/uploads\/2024\/07\/Bandeaux-site-TF-Corum-NEW-2-scaled.jpg\" \/>\n\t<meta property=\"og:image:width\" content=\"2560\" \/>\n\t<meta property=\"og:image:height\" content=\"1143\" \/>\n\t<meta property=\"og:image:type\" content=\"image\/jpeg\" \/>\n<meta name=\"author\" content=\"Vanessa Avila\" \/>\n<meta name=\"twitter:card\" content=\"summary_large_image\" \/>\n<meta name=\"twitter:creator\" content=\"@mtp2028\" \/>\n<meta name=\"twitter:site\" content=\"@mtp2028\" \/>\n<meta name=\"twitter:label1\" content=\"Written by\" \/>\n\t<meta name=\"twitter:data1\" content=\"Vanessa Avila\" \/>\n\t<meta name=\"twitter:label2\" content=\"Est. reading time\" \/>\n\t<meta name=\"twitter:data2\" content=\"4 minutes\" \/>\n<script type=\"application\/ld+json\" class=\"yoast-schema-graph\">{\"@context\":\"https:\/\/schema.org\",\"@graph\":[{\"@type\":\"Article\",\"@id\":\"https:\/\/www.montpellier2028.eu\/en\/tendance-floue-exhibition-on-the-corum-roof\/#article\",\"isPartOf\":{\"@id\":\"https:\/\/www.montpellier2028.eu\/en\/tendance-floue-exhibition-on-the-corum-roof\/\"},\"author\":{\"name\":\"Vanessa Avila\",\"@id\":\"https:\/\/www.montpellier2028.eu\/en\/#\/schema\/person\/8a65daf9583a2d835469ad3b7b0b6f49\"},\"headline\":\"Tendance Floue exhibition on the Corum roof\",\"datePublished\":\"2024-07-11T10:12:40+00:00\",\"dateModified\":\"2025-01-21T09:36:33+00:00\",\"mainEntityOfPage\":{\"@id\":\"https:\/\/www.montpellier2028.eu\/en\/tendance-floue-exhibition-on-the-corum-roof\/\"},\"wordCount\":604,\"publisher\":{\"@id\":\"https:\/\/www.montpellier2028.eu\/en\/#organization\"},\"image\":{\"@id\":\"https:\/\/www.montpellier2028.eu\/en\/tendance-floue-exhibition-on-the-corum-roof\/#primaryimage\"},\"thumbnailUrl\":\"https:\/\/www.montpellier2028.eu\/wp-content\/uploads\/2024\/07\/Bandeaux-site-TF-Corum-NEW-2-scaled.jpg\",\"inLanguage\":\"en-US\"},{\"@type\":\"WebPage\",\"@id\":\"https:\/\/www.montpellier2028.eu\/en\/tendance-floue-exhibition-on-the-corum-roof\/\",\"url\":\"https:\/\/www.montpellier2028.eu\/en\/tendance-floue-exhibition-on-the-corum-roof\/\",\"name\":\"Tendance Floue exhibition on the Corum roof - Montpellier 2028\",\"isPartOf\":{\"@id\":\"https:\/\/www.montpellier2028.eu\/en\/#website\"},\"primaryImageOfPage\":{\"@id\":\"https:\/\/www.montpellier2028.eu\/en\/tendance-floue-exhibition-on-the-corum-roof\/#primaryimage\"},\"image\":{\"@id\":\"https:\/\/www.montpellier2028.eu\/en\/tendance-floue-exhibition-on-the-corum-roof\/#primaryimage\"},\"thumbnailUrl\":\"https:\/\/www.montpellier2028.eu\/wp-content\/uploads\/2024\/07\/Bandeaux-site-TF-Corum-NEW-2-scaled.jpg\",\"datePublished\":\"2024-07-11T10:12:40+00:00\",\"dateModified\":\"2025-01-21T09:36:33+00:00\",\"breadcrumb\":{\"@id\":\"https:\/\/www.montpellier2028.eu\/en\/tendance-floue-exhibition-on-the-corum-roof\/#breadcrumb\"},\"inLanguage\":\"en-US\",\"potentialAction\":[{\"@type\":\"ReadAction\",\"target\":[\"https:\/\/www.montpellier2028.eu\/en\/tendance-floue-exhibition-on-the-corum-roof\/\"]}]},{\"@type\":\"ImageObject\",\"inLanguage\":\"en-US\",\"@id\":\"https:\/\/www.montpellier2028.eu\/en\/tendance-floue-exhibition-on-the-corum-roof\/#primaryimage\",\"url\":\"https:\/\/www.montpellier2028.eu\/wp-content\/uploads\/2024\/07\/Bandeaux-site-TF-Corum-NEW-2-scaled.jpg\",\"contentUrl\":\"https:\/\/www.montpellier2028.eu\/wp-content\/uploads\/2024\/07\/Bandeaux-site-TF-Corum-NEW-2-scaled.jpg\",\"width\":2560,\"height\":1143},{\"@type\":\"BreadcrumbList\",\"@id\":\"https:\/\/www.montpellier2028.eu\/en\/tendance-floue-exhibition-on-the-corum-roof\/#breadcrumb\",\"itemListElement\":[{\"@type\":\"ListItem\",\"position\":1,\"name\":\"Home\",\"item\":\"https:\/\/www.montpellier2028.eu\/en\/\"},{\"@type\":\"ListItem\",\"position\":2,\"name\":\"Tendance Floue exhibition on the Corum roof\"}]},{\"@type\":\"WebSite\",\"@id\":\"https:\/\/www.montpellier2028.eu\/en\/#website\",\"url\":\"https:\/\/www.montpellier2028.eu\/en\/\",\"name\":\"Montpellier 2028\",\"description\":\"Construisons ensemble!\",\"publisher\":{\"@id\":\"https:\/\/www.montpellier2028.eu\/en\/#organization\"},\"potentialAction\":[{\"@type\":\"SearchAction\",\"target\":{\"@type\":\"EntryPoint\",\"urlTemplate\":\"https:\/\/www.montpellier2028.eu\/en\/?s={search_term_string}\"},\"query-input\":{\"@type\":\"PropertyValueSpecification\",\"valueRequired\":true,\"valueName\":\"search_term_string\"}}],\"inLanguage\":\"en-US\"},{\"@type\":\"Organization\",\"@id\":\"https:\/\/www.montpellier2028.eu\/en\/#organization\",\"name\":\"Montpellier 2028\",\"url\":\"https:\/\/www.montpellier2028.eu\/en\/\",\"logo\":{\"@type\":\"ImageObject\",\"inLanguage\":\"en-US\",\"@id\":\"https:\/\/www.montpellier2028.eu\/en\/#\/schema\/logo\/image\/\",\"url\":\"https:\/\/www.montpellier2028.eu\/wp-content\/uploads\/2022\/09\/cropped-small-logo-lg.png\",\"contentUrl\":\"https:\/\/www.montpellier2028.eu\/wp-content\/uploads\/2022\/09\/cropped-small-logo-lg.png\",\"width\":512,\"height\":512,\"caption\":\"Montpellier 2028\"},\"image\":{\"@id\":\"https:\/\/www.montpellier2028.eu\/en\/#\/schema\/logo\/image\/\"},\"sameAs\":[\"https:\/\/www.facebook.com\/montpellier2028\",\"https:\/\/x.com\/mtp2028\",\"https:\/\/www.instagram.com\/montpellier2028\/\",\"https:\/\/www.linkedin.com\/showcase\/montpellier2028\/about\/\"]},{\"@type\":\"Person\",\"@id\":\"https:\/\/www.montpellier2028.eu\/en\/#\/schema\/person\/8a65daf9583a2d835469ad3b7b0b6f49\",\"name\":\"Vanessa Avila\",\"url\":\"https:\/\/www.montpellier2028.eu\/en\/author\/vavila\/\"}]}<\/script>\n<!-- \/ Yoast SEO plugin. -->","yoast_head_json":{"title":"Tendance Floue exhibition on the Corum roof - Montpellier 2028","robots":{"index":"index","follow":"follow","max-snippet":"max-snippet:-1","max-image-preview":"max-image-preview:large","max-video-preview":"max-video-preview:-1"},"canonical":"https:\/\/www.montpellier2028.eu\/en\/tendance-floue-exhibition-on-the-corum-roof\/","og_locale":"en_US","og_type":"article","og_title":"Tendance Floue exhibition on the Corum roof - Montpellier 2028","og_description":"&nbsp;","og_url":"https:\/\/www.montpellier2028.eu\/en\/tendance-floue-exhibition-on-the-corum-roof\/","og_site_name":"Montpellier 2028","article_publisher":"https:\/\/www.facebook.com\/montpellier2028","article_published_time":"2024-07-11T10:12:40+00:00","article_modified_time":"2025-01-21T09:36:33+00:00","og_image":[{"width":2560,"height":1143,"url":"https:\/\/www.montpellier2028.eu\/wp-content\/uploads\/2024\/07\/Bandeaux-site-TF-Corum-NEW-2-scaled.jpg","type":"image\/jpeg"}],"author":"Vanessa Avila","twitter_card":"summary_large_image","twitter_creator":"@mtp2028","twitter_site":"@mtp2028","twitter_misc":{"Written by":"Vanessa Avila","Est. reading time":"4 minutes"},"schema":{"@context":"https:\/\/schema.org","@graph":[{"@type":"Article","@id":"https:\/\/www.montpellier2028.eu\/en\/tendance-floue-exhibition-on-the-corum-roof\/#article","isPartOf":{"@id":"https:\/\/www.montpellier2028.eu\/en\/tendance-floue-exhibition-on-the-corum-roof\/"},"author":{"name":"Vanessa Avila","@id":"https:\/\/www.montpellier2028.eu\/en\/#\/schema\/person\/8a65daf9583a2d835469ad3b7b0b6f49"},"headline":"Tendance Floue exhibition on the Corum roof","datePublished":"2024-07-11T10:12:40+00:00","dateModified":"2025-01-21T09:36:33+00:00","mainEntityOfPage":{"@id":"https:\/\/www.montpellier2028.eu\/en\/tendance-floue-exhibition-on-the-corum-roof\/"},"wordCount":604,"publisher":{"@id":"https:\/\/www.montpellier2028.eu\/en\/#organization"},"image":{"@id":"https:\/\/www.montpellier2028.eu\/en\/tendance-floue-exhibition-on-the-corum-roof\/#primaryimage"},"thumbnailUrl":"https:\/\/www.montpellier2028.eu\/wp-content\/uploads\/2024\/07\/Bandeaux-site-TF-Corum-NEW-2-scaled.jpg","inLanguage":"en-US"},{"@type":"WebPage","@id":"https:\/\/www.montpellier2028.eu\/en\/tendance-floue-exhibition-on-the-corum-roof\/","url":"https:\/\/www.montpellier2028.eu\/en\/tendance-floue-exhibition-on-the-corum-roof\/","name":"Tendance Floue exhibition on the Corum roof - Montpellier 2028","isPartOf":{"@id":"https:\/\/www.montpellier2028.eu\/en\/#website"},"primaryImageOfPage":{"@id":"https:\/\/www.montpellier2028.eu\/en\/tendance-floue-exhibition-on-the-corum-roof\/#primaryimage"},"image":{"@id":"https:\/\/www.montpellier2028.eu\/en\/tendance-floue-exhibition-on-the-corum-roof\/#primaryimage"},"thumbnailUrl":"https:\/\/www.montpellier2028.eu\/wp-content\/uploads\/2024\/07\/Bandeaux-site-TF-Corum-NEW-2-scaled.jpg","datePublished":"2024-07-11T10:12:40+00:00","dateModified":"2025-01-21T09:36:33+00:00","breadcrumb":{"@id":"https:\/\/www.montpellier2028.eu\/en\/tendance-floue-exhibition-on-the-corum-roof\/#breadcrumb"},"inLanguage":"en-US","potentialAction":[{"@type":"ReadAction","target":["https:\/\/www.montpellier2028.eu\/en\/tendance-floue-exhibition-on-the-corum-roof\/"]}]},{"@type":"ImageObject","inLanguage":"en-US","@id":"https:\/\/www.montpellier2028.eu\/en\/tendance-floue-exhibition-on-the-corum-roof\/#primaryimage","url":"https:\/\/www.montpellier2028.eu\/wp-content\/uploads\/2024\/07\/Bandeaux-site-TF-Corum-NEW-2-scaled.jpg","contentUrl":"https:\/\/www.montpellier2028.eu\/wp-content\/uploads\/2024\/07\/Bandeaux-site-TF-Corum-NEW-2-scaled.jpg","width":2560,"height":1143},{"@type":"BreadcrumbList","@id":"https:\/\/www.montpellier2028.eu\/en\/tendance-floue-exhibition-on-the-corum-roof\/#breadcrumb","itemListElement":[{"@type":"ListItem","position":1,"name":"Home","item":"https:\/\/www.montpellier2028.eu\/en\/"},{"@type":"ListItem","position":2,"name":"Tendance Floue exhibition on the Corum roof"}]},{"@type":"WebSite","@id":"https:\/\/www.montpellier2028.eu\/en\/#website","url":"https:\/\/www.montpellier2028.eu\/en\/","name":"Montpellier 2028","description":"Construisons ensemble!","publisher":{"@id":"https:\/\/www.montpellier2028.eu\/en\/#organization"},"potentialAction":[{"@type":"SearchAction","target":{"@type":"EntryPoint","urlTemplate":"https:\/\/www.montpellier2028.eu\/en\/?s={search_term_string}"},"query-input":{"@type":"PropertyValueSpecification","valueRequired":true,"valueName":"search_term_string"}}],"inLanguage":"en-US"},{"@type":"Organization","@id":"https:\/\/www.montpellier2028.eu\/en\/#organization","name":"Montpellier 2028","url":"https:\/\/www.montpellier2028.eu\/en\/","logo":{"@type":"ImageObject","inLanguage":"en-US","@id":"https:\/\/www.montpellier2028.eu\/en\/#\/schema\/logo\/image\/","url":"https:\/\/www.montpellier2028.eu\/wp-content\/uploads\/2022\/09\/cropped-small-logo-lg.png","contentUrl":"https:\/\/www.montpellier2028.eu\/wp-content\/uploads\/2022\/09\/cropped-small-logo-lg.png","width":512,"height":512,"caption":"Montpellier 2028"},"image":{"@id":"https:\/\/www.montpellier2028.eu\/en\/#\/schema\/logo\/image\/"},"sameAs":["https:\/\/www.facebook.com\/montpellier2028","https:\/\/x.com\/mtp2028","https:\/\/www.instagram.com\/montpellier2028\/","https:\/\/www.linkedin.com\/showcase\/montpellier2028\/about\/"]},{"@type":"Person","@id":"https:\/\/www.montpellier2028.eu\/en\/#\/schema\/person\/8a65daf9583a2d835469ad3b7b0b6f49","name":"Vanessa Avila","url":"https:\/\/www.montpellier2028.eu\/en\/author\/vavila\/"}]}},"_links":{"self":[{"href":"https:\/\/www.montpellier2028.eu\/en\/wp-json\/wp\/v2\/posts\/6849","targetHints":{"allow":["GET"]}}],"collection":[{"href":"https:\/\/www.montpellier2028.eu\/en\/wp-json\/wp\/v2\/posts"}],"about":[{"href":"https:\/\/www.montpellier2028.eu\/en\/wp-json\/wp\/v2\/types\/post"}],"author":[{"embeddable":true,"href":"https:\/\/www.montpellier2028.eu\/en\/wp-json\/wp\/v2\/users\/7"}],"replies":[{"embeddable":true,"href":"https:\/\/www.montpellier2028.eu\/en\/wp-json\/wp\/v2\/comments?post=6849"}],"version-history":[{"count":5,"href":"https:\/\/www.montpellier2028.eu\/en\/wp-json\/wp\/v2\/posts\/6849\/revisions"}],"predecessor-version":[{"id":7426,"href":"https:\/\/www.montpellier2028.eu\/en\/wp-json\/wp\/v2\/posts\/6849\/revisions\/7426"}],"wp:featuredmedia":[{"embeddable":true,"href":"https:\/\/www.montpellier2028.eu\/en\/wp-json\/wp\/v2\/media\/6884"}],"wp:attachment":[{"href":"https:\/\/www.montpellier2028.eu\/en\/wp-json\/wp\/v2\/media?parent=6849"}],"wp:term":[{"taxonomy":"category","embeddable":true,"href":"https:\/\/www.montpellier2028.eu\/en\/wp-json\/wp\/v2\/categories?post=6849"},{"taxonomy":"post_tag","embeddable":true,"href":"https:\/\/www.montpellier2028.eu\/en\/wp-json\/wp\/v2\/tags?post=6849"}],"curies":[{"name":"wp","href":"https:\/\/api.w.org\/{rel}","templated":true}]}}