{"id":9058,"date":"2025-07-08T16:34:59","date_gmt":"2025-07-08T14:34:59","guid":{"rendered":"https:\/\/www.montpellier2028.eu\/?p=9058"},"modified":"2025-07-08T16:36:57","modified_gmt":"2025-07-08T14:36:57","slug":"m28-au-coeur-de-la-cooperation-culturelle-interterritoriale","status":"publish","type":"post","link":"https:\/\/www.montpellier2028.eu\/en\/m28-au-coeur-de-la-cooperation-culturelle-interterritoriale\/","title":{"rendered":"M28 au c\u0153ur de la coop\u00e9ration culturelle interterritoriale"},"content":{"rendered":"\n<p><strong>Ce lundi\u00a07 juillet 2025, \u00e0 l\u2019invitation de Micha\u00ebl Delafosse, Maire de Montpellier et\u00a0Pr\u00e9sident de Montpellier M\u00e9diterran\u00e9e M\u00e9tropole,\u00a0les collectivit\u00e9s et partenaires de l&#8217;association se sont r\u00e9unis \u00e0 la Maison des Relations Internationales Nelson Mandela \u00e0 Montpellier.<\/strong><br><br>Sophie L\u00e9ron, Pr\u00e9sidente et Nicolas Dubourg, Directeur artistique de M28, ont annonc\u00e9 de nouveaux partenariats t\u00e9moignant d\u2019une <strong>dynamique d\u2019\u00e9largissement et de coop\u00e9ration encore renforc\u00e9e<\/strong>. La programmation de L\u2019\u00e9v\u00e9nement 25 continue de s\u2019enrichir, avec la volont\u00e9 affirm\u00e9e de cr\u00e9er des ponts entre les disciplines, les territoires et les publics.<\/p>\n\n\n\n<p>Les membres de l\u2019association ont r\u00e9affirm\u00e9 avec enthousiasme leur engagement, partag\u00e9 leurs attentes et renouvel\u00e9 leur soutien \u00e0 la&nbsp;<strong>dynamique de<\/strong>&nbsp;<strong>co-construction<\/strong>&nbsp;<strong>et de coop\u00e9ration \u00e0 l\u2019\u0153uvre&nbsp;<\/strong>sur le territoire M28 en vue de L\u2019\u00e9v\u00e9nement 25 \u2013 Les chemins du vivant, qui se d\u00e9roulera du 26 septembre au&nbsp;5 octobre 2025.<\/p>\n\n\n\n<p>A l\u2019invitation de Micha\u00ebl Delafosse et de la M\u00e9tropole, les membres de l\u2019association ont ensuite pu assister au Concert de YUJA Wang au Corum \/ Op\u00e9ra Berlioz dans le cadre du Festival Radio France.<\/p>\n\n\n\n<figure class=\"wp-block-gallery has-nested-images columns-default is-cropped wp-block-gallery-2 is-layout-flex wp-block-gallery-is-layout-flex\">\n<figure class=\"wp-block-image size-large wp-duotone-unset-1\"><img loading=\"lazy\" decoding=\"async\" width=\"1024\" height=\"683\" data-id=\"9079\" src=\"https:\/\/www.montpellier2028.eu\/wp-content\/uploads\/2025\/07\/2-2-1024x683.jpg\" alt=\"\" class=\"wp-image-9079\" srcset=\"https:\/\/www.montpellier2028.eu\/wp-content\/uploads\/2025\/07\/2-2-1024x683.jpg 1024w, https:\/\/www.montpellier2028.eu\/wp-content\/uploads\/2025\/07\/2-2-300x200.jpg 300w, https:\/\/www.montpellier2028.eu\/wp-content\/uploads\/2025\/07\/2-2-768x512.jpg 768w, https:\/\/www.montpellier2028.eu\/wp-content\/uploads\/2025\/07\/2-2-1536x1024.jpg 1536w, https:\/\/www.montpellier2028.eu\/wp-content\/uploads\/2025\/07\/2-2-1360x907.jpg 1360w, https:\/\/www.montpellier2028.eu\/wp-content\/uploads\/2025\/07\/2-2-390x260.jpg 390w, https:\/\/www.montpellier2028.eu\/wp-content\/uploads\/2025\/07\/2-2.jpg 1920w\" sizes=\"auto, (max-width: 1024px) 100vw, 1024px\" \/><\/figure>\n\n\n\n<figure class=\"wp-block-image size-large\"><img loading=\"lazy\" decoding=\"async\" width=\"1024\" height=\"683\" data-id=\"9081\" src=\"https:\/\/www.montpellier2028.eu\/wp-content\/uploads\/2025\/07\/3-2-1024x683.jpg\" alt=\"\" class=\"wp-image-9081\" srcset=\"https:\/\/www.montpellier2028.eu\/wp-content\/uploads\/2025\/07\/3-2-1024x683.jpg 1024w, https:\/\/www.montpellier2028.eu\/wp-content\/uploads\/2025\/07\/3-2-300x200.jpg 300w, https:\/\/www.montpellier2028.eu\/wp-content\/uploads\/2025\/07\/3-2-768x512.jpg 768w, https:\/\/www.montpellier2028.eu\/wp-content\/uploads\/2025\/07\/3-2-1536x1024.jpg 1536w, https:\/\/www.montpellier2028.eu\/wp-content\/uploads\/2025\/07\/3-2-1360x907.jpg 1360w, https:\/\/www.montpellier2028.eu\/wp-content\/uploads\/2025\/07\/3-2-390x260.jpg 390w, https:\/\/www.montpellier2028.eu\/wp-content\/uploads\/2025\/07\/3-2.jpg 1920w\" sizes=\"auto, (max-width: 1024px) 100vw, 1024px\" \/><\/figure>\n\n\n\n<figure class=\"wp-block-image size-large\"><img loading=\"lazy\" decoding=\"async\" width=\"1024\" height=\"683\" data-id=\"9085\" src=\"https:\/\/www.montpellier2028.eu\/wp-content\/uploads\/2025\/07\/5-2-1024x683.jpg\" alt=\"\" class=\"wp-image-9085\" srcset=\"https:\/\/www.montpellier2028.eu\/wp-content\/uploads\/2025\/07\/5-2-1024x683.jpg 1024w, https:\/\/www.montpellier2028.eu\/wp-content\/uploads\/2025\/07\/5-2-300x200.jpg 300w, https:\/\/www.montpellier2028.eu\/wp-content\/uploads\/2025\/07\/5-2-768x512.jpg 768w, https:\/\/www.montpellier2028.eu\/wp-content\/uploads\/2025\/07\/5-2-1536x1024.jpg 1536w, https:\/\/www.montpellier2028.eu\/wp-content\/uploads\/2025\/07\/5-2-1360x907.jpg 1360w, https:\/\/www.montpellier2028.eu\/wp-content\/uploads\/2025\/07\/5-2-390x260.jpg 390w, https:\/\/www.montpellier2028.eu\/wp-content\/uploads\/2025\/07\/5-2.jpg 1920w\" sizes=\"auto, (max-width: 1024px) 100vw, 1024px\" \/><\/figure>\n\n\n\n<figure class=\"wp-block-image size-large\"><img loading=\"lazy\" decoding=\"async\" width=\"1024\" height=\"683\" data-id=\"9087\" src=\"https:\/\/www.montpellier2028.eu\/wp-content\/uploads\/2025\/07\/4-1-1024x683.jpg\" alt=\"\" class=\"wp-image-9087\" srcset=\"https:\/\/www.montpellier2028.eu\/wp-content\/uploads\/2025\/07\/4-1-1024x683.jpg 1024w, https:\/\/www.montpellier2028.eu\/wp-content\/uploads\/2025\/07\/4-1-300x200.jpg 300w, https:\/\/www.montpellier2028.eu\/wp-content\/uploads\/2025\/07\/4-1-768x512.jpg 768w, https:\/\/www.montpellier2028.eu\/wp-content\/uploads\/2025\/07\/4-1-390x260.jpg 390w, https:\/\/www.montpellier2028.eu\/wp-content\/uploads\/2025\/07\/4-1.jpg 1026w\" sizes=\"auto, (max-width: 1024px) 100vw, 1024px\" \/><\/figure>\n\n\n\n<figure class=\"wp-block-image size-large\"><img loading=\"lazy\" decoding=\"async\" width=\"1024\" height=\"683\" data-id=\"9076\" src=\"https:\/\/www.montpellier2028.eu\/wp-content\/uploads\/2025\/07\/6-1024x683.jpg\" alt=\"\" class=\"wp-image-9076\" srcset=\"https:\/\/www.montpellier2028.eu\/wp-content\/uploads\/2025\/07\/6-1024x683.jpg 1024w, https:\/\/www.montpellier2028.eu\/wp-content\/uploads\/2025\/07\/6-300x200.jpg 300w, https:\/\/www.montpellier2028.eu\/wp-content\/uploads\/2025\/07\/6-768x512.jpg 768w, https:\/\/www.montpellier2028.eu\/wp-content\/uploads\/2025\/07\/6-1536x1024.jpg 1536w, https:\/\/www.montpellier2028.eu\/wp-content\/uploads\/2025\/07\/6-1360x907.jpg 1360w, https:\/\/www.montpellier2028.eu\/wp-content\/uploads\/2025\/07\/6-390x260.jpg 390w, https:\/\/www.montpellier2028.eu\/wp-content\/uploads\/2025\/07\/6.jpg 1920w\" sizes=\"auto, (max-width: 1024px) 100vw, 1024px\" \/><\/figure>\n<\/figure>\n\n\n\n<p>\u00a9 Alain Scherer<\/p>\n\n\n\n<p><\/p>\n","protected":false},"excerpt":{"rendered":"<p>Ce lundi\u00a07 juillet 2025, \u00e0 l\u2019invitation de Micha\u00ebl Delafosse, Maire de Montpellier et\u00a0Pr\u00e9sident de Montpellier M\u00e9diterran\u00e9e M\u00e9tropole,\u00a0les collectivit\u00e9s et partenaires [&hellip;]<\/p>\n","protected":false},"author":8,"featured_media":9062,"comment_status":"closed","ping_status":"open","sticky":false,"template":"","format":"standard","meta":{"_acf_changed":false,"footnotes":""},"categories":[1],"tags":[],"class_list":["post-9058","post","type-post","status-publish","format-standard","has-post-thumbnail","hentry","category-non-classifiee"],"acf":[],"yoast_head":"<!-- This site is optimized with the Yoast SEO plugin v24.8 - https:\/\/yoast.com\/wordpress\/plugins\/seo\/ -->\n<title>M28 au c\u0153ur de la coop\u00e9ration culturelle interterritoriale - Montpellier 2028<\/title>\n<meta name=\"robots\" content=\"index, follow, max-snippet:-1, max-image-preview:large, max-video-preview:-1\" \/>\n<link rel=\"canonical\" href=\"https:\/\/www.montpellier2028.eu\/en\/m28-au-coeur-de-la-cooperation-culturelle-interterritoriale\/\" \/>\n<meta property=\"og:locale\" content=\"en_US\" \/>\n<meta property=\"og:type\" content=\"article\" \/>\n<meta property=\"og:title\" content=\"M28 au c\u0153ur de la coop\u00e9ration culturelle interterritoriale - Montpellier 2028\" \/>\n<meta property=\"og:description\" content=\"Ce lundi\u00a07 juillet 2025, \u00e0 l\u2019invitation de Micha\u00ebl Delafosse, Maire de Montpellier et\u00a0Pr\u00e9sident de Montpellier M\u00e9diterran\u00e9e M\u00e9tropole,\u00a0les collectivit\u00e9s et partenaires [&hellip;]\" \/>\n<meta property=\"og:url\" content=\"https:\/\/www.montpellier2028.eu\/en\/m28-au-coeur-de-la-cooperation-culturelle-interterritoriale\/\" \/>\n<meta property=\"og:site_name\" content=\"Montpellier 2028\" \/>\n<meta property=\"article:publisher\" content=\"https:\/\/www.facebook.com\/montpellier2028\" \/>\n<meta property=\"article:published_time\" content=\"2025-07-08T14:34:59+00:00\" \/>\n<meta property=\"article:modified_time\" content=\"2025-07-08T14:36:57+00:00\" \/>\n<meta property=\"og:image\" content=\"https:\/\/www.montpellier2028.eu\/wp-content\/uploads\/2025\/07\/1-1.jpg\" \/>\n\t<meta property=\"og:image:width\" content=\"1920\" \/>\n\t<meta property=\"og:image:height\" content=\"1280\" \/>\n\t<meta property=\"og:image:type\" content=\"image\/jpeg\" \/>\n<meta name=\"author\" content=\"Stella Mousain\" \/>\n<meta name=\"twitter:card\" content=\"summary_large_image\" \/>\n<meta name=\"twitter:creator\" content=\"@mtp2028\" \/>\n<meta name=\"twitter:site\" content=\"@mtp2028\" \/>\n<meta name=\"twitter:label1\" content=\"Written by\" \/>\n\t<meta name=\"twitter:data1\" content=\"Stella Mousain\" \/>\n\t<meta name=\"twitter:label2\" content=\"Est. reading time\" \/>\n\t<meta name=\"twitter:data2\" content=\"3 minutes\" \/>\n<script type=\"application\/ld+json\" class=\"yoast-schema-graph\">{\"@context\":\"https:\/\/schema.org\",\"@graph\":[{\"@type\":\"Article\",\"@id\":\"https:\/\/www.montpellier2028.eu\/en\/m28-au-coeur-de-la-cooperation-culturelle-interterritoriale\/#article\",\"isPartOf\":{\"@id\":\"https:\/\/www.montpellier2028.eu\/en\/m28-au-coeur-de-la-cooperation-culturelle-interterritoriale\/\"},\"author\":{\"name\":\"Stella Mousain\",\"@id\":\"https:\/\/www.montpellier2028.eu\/en\/#\/schema\/person\/88ef3e7646636949f51599a09636af1c\"},\"headline\":\"M28 au c\u0153ur de la coop\u00e9ration culturelle interterritoriale\",\"datePublished\":\"2025-07-08T14:34:59+00:00\",\"dateModified\":\"2025-07-08T14:36:57+00:00\",\"mainEntityOfPage\":{\"@id\":\"https:\/\/www.montpellier2028.eu\/en\/m28-au-coeur-de-la-cooperation-culturelle-interterritoriale\/\"},\"wordCount\":206,\"publisher\":{\"@id\":\"https:\/\/www.montpellier2028.eu\/en\/#organization\"},\"image\":{\"@id\":\"https:\/\/www.montpellier2028.eu\/en\/m28-au-coeur-de-la-cooperation-culturelle-interterritoriale\/#primaryimage\"},\"thumbnailUrl\":\"https:\/\/www.montpellier2028.eu\/wp-content\/uploads\/2025\/07\/1-1.jpg\",\"articleSection\":[\"Non classifi\u00e9(e)\"],\"inLanguage\":\"en-US\"},{\"@type\":\"WebPage\",\"@id\":\"https:\/\/www.montpellier2028.eu\/en\/m28-au-coeur-de-la-cooperation-culturelle-interterritoriale\/\",\"url\":\"https:\/\/www.montpellier2028.eu\/en\/m28-au-coeur-de-la-cooperation-culturelle-interterritoriale\/\",\"name\":\"M28 au c\u0153ur de la coop\u00e9ration culturelle interterritoriale - Montpellier 2028\",\"isPartOf\":{\"@id\":\"https:\/\/www.montpellier2028.eu\/en\/#website\"},\"primaryImageOfPage\":{\"@id\":\"https:\/\/www.montpellier2028.eu\/en\/m28-au-coeur-de-la-cooperation-culturelle-interterritoriale\/#primaryimage\"},\"image\":{\"@id\":\"https:\/\/www.montpellier2028.eu\/en\/m28-au-coeur-de-la-cooperation-culturelle-interterritoriale\/#primaryimage\"},\"thumbnailUrl\":\"https:\/\/www.montpellier2028.eu\/wp-content\/uploads\/2025\/07\/1-1.jpg\",\"datePublished\":\"2025-07-08T14:34:59+00:00\",\"dateModified\":\"2025-07-08T14:36:57+00:00\",\"breadcrumb\":{\"@id\":\"https:\/\/www.montpellier2028.eu\/en\/m28-au-coeur-de-la-cooperation-culturelle-interterritoriale\/#breadcrumb\"},\"inLanguage\":\"en-US\",\"potentialAction\":[{\"@type\":\"ReadAction\",\"target\":[\"https:\/\/www.montpellier2028.eu\/en\/m28-au-coeur-de-la-cooperation-culturelle-interterritoriale\/\"]}]},{\"@type\":\"ImageObject\",\"inLanguage\":\"en-US\",\"@id\":\"https:\/\/www.montpellier2028.eu\/en\/m28-au-coeur-de-la-cooperation-culturelle-interterritoriale\/#primaryimage\",\"url\":\"https:\/\/www.montpellier2028.eu\/wp-content\/uploads\/2025\/07\/1-1.jpg\",\"contentUrl\":\"https:\/\/www.montpellier2028.eu\/wp-content\/uploads\/2025\/07\/1-1.jpg\",\"width\":1920,\"height\":1280},{\"@type\":\"BreadcrumbList\",\"@id\":\"https:\/\/www.montpellier2028.eu\/en\/m28-au-coeur-de-la-cooperation-culturelle-interterritoriale\/#breadcrumb\",\"itemListElement\":[{\"@type\":\"ListItem\",\"position\":1,\"name\":\"Home\",\"item\":\"https:\/\/www.montpellier2028.eu\/en\/\"},{\"@type\":\"ListItem\",\"position\":2,\"name\":\"M28 au c\u0153ur de la coop\u00e9ration culturelle interterritoriale\"}]},{\"@type\":\"WebSite\",\"@id\":\"https:\/\/www.montpellier2028.eu\/en\/#website\",\"url\":\"https:\/\/www.montpellier2028.eu\/en\/\",\"name\":\"Montpellier 2028\",\"description\":\"Construisons ensemble!\",\"publisher\":{\"@id\":\"https:\/\/www.montpellier2028.eu\/en\/#organization\"},\"potentialAction\":[{\"@type\":\"SearchAction\",\"target\":{\"@type\":\"EntryPoint\",\"urlTemplate\":\"https:\/\/www.montpellier2028.eu\/en\/?s={search_term_string}\"},\"query-input\":{\"@type\":\"PropertyValueSpecification\",\"valueRequired\":true,\"valueName\":\"search_term_string\"}}],\"inLanguage\":\"en-US\"},{\"@type\":\"Organization\",\"@id\":\"https:\/\/www.montpellier2028.eu\/en\/#organization\",\"name\":\"Montpellier 2028\",\"url\":\"https:\/\/www.montpellier2028.eu\/en\/\",\"logo\":{\"@type\":\"ImageObject\",\"inLanguage\":\"en-US\",\"@id\":\"https:\/\/www.montpellier2028.eu\/en\/#\/schema\/logo\/image\/\",\"url\":\"https:\/\/www.montpellier2028.eu\/wp-content\/uploads\/2022\/09\/cropped-small-logo-lg.png\",\"contentUrl\":\"https:\/\/www.montpellier2028.eu\/wp-content\/uploads\/2022\/09\/cropped-small-logo-lg.png\",\"width\":512,\"height\":512,\"caption\":\"Montpellier 2028\"},\"image\":{\"@id\":\"https:\/\/www.montpellier2028.eu\/en\/#\/schema\/logo\/image\/\"},\"sameAs\":[\"https:\/\/www.facebook.com\/montpellier2028\",\"https:\/\/x.com\/mtp2028\",\"https:\/\/www.instagram.com\/montpellier2028\/\",\"https:\/\/www.linkedin.com\/showcase\/montpellier2028\/about\/\"]},{\"@type\":\"Person\",\"@id\":\"https:\/\/www.montpellier2028.eu\/en\/#\/schema\/person\/88ef3e7646636949f51599a09636af1c\",\"name\":\"Stella Mousain\",\"url\":\"https:\/\/www.montpellier2028.eu\/en\/author\/stellamousain\/\"}]}<\/script>\n<!-- \/ Yoast SEO plugin. -->","yoast_head_json":{"title":"M28 au c\u0153ur de la coop\u00e9ration culturelle interterritoriale - Montpellier 2028","robots":{"index":"index","follow":"follow","max-snippet":"max-snippet:-1","max-image-preview":"max-image-preview:large","max-video-preview":"max-video-preview:-1"},"canonical":"https:\/\/www.montpellier2028.eu\/en\/m28-au-coeur-de-la-cooperation-culturelle-interterritoriale\/","og_locale":"en_US","og_type":"article","og_title":"M28 au c\u0153ur de la coop\u00e9ration culturelle interterritoriale - Montpellier 2028","og_description":"Ce lundi\u00a07 juillet 2025, \u00e0 l\u2019invitation de Micha\u00ebl Delafosse, Maire de Montpellier et\u00a0Pr\u00e9sident de Montpellier M\u00e9diterran\u00e9e M\u00e9tropole,\u00a0les collectivit\u00e9s et partenaires [&hellip;]","og_url":"https:\/\/www.montpellier2028.eu\/en\/m28-au-coeur-de-la-cooperation-culturelle-interterritoriale\/","og_site_name":"Montpellier 2028","article_publisher":"https:\/\/www.facebook.com\/montpellier2028","article_published_time":"2025-07-08T14:34:59+00:00","article_modified_time":"2025-07-08T14:36:57+00:00","og_image":[{"width":1920,"height":1280,"url":"https:\/\/www.montpellier2028.eu\/wp-content\/uploads\/2025\/07\/1-1.jpg","type":"image\/jpeg"}],"author":"Stella Mousain","twitter_card":"summary_large_image","twitter_creator":"@mtp2028","twitter_site":"@mtp2028","twitter_misc":{"Written by":"Stella Mousain","Est. reading time":"3 minutes"},"schema":{"@context":"https:\/\/schema.org","@graph":[{"@type":"Article","@id":"https:\/\/www.montpellier2028.eu\/en\/m28-au-coeur-de-la-cooperation-culturelle-interterritoriale\/#article","isPartOf":{"@id":"https:\/\/www.montpellier2028.eu\/en\/m28-au-coeur-de-la-cooperation-culturelle-interterritoriale\/"},"author":{"name":"Stella Mousain","@id":"https:\/\/www.montpellier2028.eu\/en\/#\/schema\/person\/88ef3e7646636949f51599a09636af1c"},"headline":"M28 au c\u0153ur de la coop\u00e9ration culturelle interterritoriale","datePublished":"2025-07-08T14:34:59+00:00","dateModified":"2025-07-08T14:36:57+00:00","mainEntityOfPage":{"@id":"https:\/\/www.montpellier2028.eu\/en\/m28-au-coeur-de-la-cooperation-culturelle-interterritoriale\/"},"wordCount":206,"publisher":{"@id":"https:\/\/www.montpellier2028.eu\/en\/#organization"},"image":{"@id":"https:\/\/www.montpellier2028.eu\/en\/m28-au-coeur-de-la-cooperation-culturelle-interterritoriale\/#primaryimage"},"thumbnailUrl":"https:\/\/www.montpellier2028.eu\/wp-content\/uploads\/2025\/07\/1-1.jpg","articleSection":["Non classifi\u00e9(e)"],"inLanguage":"en-US"},{"@type":"WebPage","@id":"https:\/\/www.montpellier2028.eu\/en\/m28-au-coeur-de-la-cooperation-culturelle-interterritoriale\/","url":"https:\/\/www.montpellier2028.eu\/en\/m28-au-coeur-de-la-cooperation-culturelle-interterritoriale\/","name":"M28 au c\u0153ur de la coop\u00e9ration culturelle interterritoriale - Montpellier 2028","isPartOf":{"@id":"https:\/\/www.montpellier2028.eu\/en\/#website"},"primaryImageOfPage":{"@id":"https:\/\/www.montpellier2028.eu\/en\/m28-au-coeur-de-la-cooperation-culturelle-interterritoriale\/#primaryimage"},"image":{"@id":"https:\/\/www.montpellier2028.eu\/en\/m28-au-coeur-de-la-cooperation-culturelle-interterritoriale\/#primaryimage"},"thumbnailUrl":"https:\/\/www.montpellier2028.eu\/wp-content\/uploads\/2025\/07\/1-1.jpg","datePublished":"2025-07-08T14:34:59+00:00","dateModified":"2025-07-08T14:36:57+00:00","breadcrumb":{"@id":"https:\/\/www.montpellier2028.eu\/en\/m28-au-coeur-de-la-cooperation-culturelle-interterritoriale\/#breadcrumb"},"inLanguage":"en-US","potentialAction":[{"@type":"ReadAction","target":["https:\/\/www.montpellier2028.eu\/en\/m28-au-coeur-de-la-cooperation-culturelle-interterritoriale\/"]}]},{"@type":"ImageObject","inLanguage":"en-US","@id":"https:\/\/www.montpellier2028.eu\/en\/m28-au-coeur-de-la-cooperation-culturelle-interterritoriale\/#primaryimage","url":"https:\/\/www.montpellier2028.eu\/wp-content\/uploads\/2025\/07\/1-1.jpg","contentUrl":"https:\/\/www.montpellier2028.eu\/wp-content\/uploads\/2025\/07\/1-1.jpg","width":1920,"height":1280},{"@type":"BreadcrumbList","@id":"https:\/\/www.montpellier2028.eu\/en\/m28-au-coeur-de-la-cooperation-culturelle-interterritoriale\/#breadcrumb","itemListElement":[{"@type":"ListItem","position":1,"name":"Home","item":"https:\/\/www.montpellier2028.eu\/en\/"},{"@type":"ListItem","position":2,"name":"M28 au c\u0153ur de la coop\u00e9ration culturelle interterritoriale"}]},{"@type":"WebSite","@id":"https:\/\/www.montpellier2028.eu\/en\/#website","url":"https:\/\/www.montpellier2028.eu\/en\/","name":"Montpellier 2028","description":"Construisons ensemble!","publisher":{"@id":"https:\/\/www.montpellier2028.eu\/en\/#organization"},"potentialAction":[{"@type":"SearchAction","target":{"@type":"EntryPoint","urlTemplate":"https:\/\/www.montpellier2028.eu\/en\/?s={search_term_string}"},"query-input":{"@type":"PropertyValueSpecification","valueRequired":true,"valueName":"search_term_string"}}],"inLanguage":"en-US"},{"@type":"Organization","@id":"https:\/\/www.montpellier2028.eu\/en\/#organization","name":"Montpellier 2028","url":"https:\/\/www.montpellier2028.eu\/en\/","logo":{"@type":"ImageObject","inLanguage":"en-US","@id":"https:\/\/www.montpellier2028.eu\/en\/#\/schema\/logo\/image\/","url":"https:\/\/www.montpellier2028.eu\/wp-content\/uploads\/2022\/09\/cropped-small-logo-lg.png","contentUrl":"https:\/\/www.montpellier2028.eu\/wp-content\/uploads\/2022\/09\/cropped-small-logo-lg.png","width":512,"height":512,"caption":"Montpellier 2028"},"image":{"@id":"https:\/\/www.montpellier2028.eu\/en\/#\/schema\/logo\/image\/"},"sameAs":["https:\/\/www.facebook.com\/montpellier2028","https:\/\/x.com\/mtp2028","https:\/\/www.instagram.com\/montpellier2028\/","https:\/\/www.linkedin.com\/showcase\/montpellier2028\/about\/"]},{"@type":"Person","@id":"https:\/\/www.montpellier2028.eu\/en\/#\/schema\/person\/88ef3e7646636949f51599a09636af1c","name":"Stella Mousain","url":"https:\/\/www.montpellier2028.eu\/en\/author\/stellamousain\/"}]}},"_links":{"self":[{"href":"https:\/\/www.montpellier2028.eu\/en\/wp-json\/wp\/v2\/posts\/9058","targetHints":{"allow":["GET"]}}],"collection":[{"href":"https:\/\/www.montpellier2028.eu\/en\/wp-json\/wp\/v2\/posts"}],"about":[{"href":"https:\/\/www.montpellier2028.eu\/en\/wp-json\/wp\/v2\/types\/post"}],"author":[{"embeddable":true,"href":"https:\/\/www.montpellier2028.eu\/en\/wp-json\/wp\/v2\/users\/8"}],"replies":[{"embeddable":true,"href":"https:\/\/www.montpellier2028.eu\/en\/wp-json\/wp\/v2\/comments?post=9058"}],"version-history":[{"count":4,"href":"https:\/\/www.montpellier2028.eu\/en\/wp-json\/wp\/v2\/posts\/9058\/revisions"}],"predecessor-version":[{"id":9090,"href":"https:\/\/www.montpellier2028.eu\/en\/wp-json\/wp\/v2\/posts\/9058\/revisions\/9090"}],"wp:featuredmedia":[{"embeddable":true,"href":"https:\/\/www.montpellier2028.eu\/en\/wp-json\/wp\/v2\/media\/9062"}],"wp:attachment":[{"href":"https:\/\/www.montpellier2028.eu\/en\/wp-json\/wp\/v2\/media?parent=9058"}],"wp:term":[{"taxonomy":"category","embeddable":true,"href":"https:\/\/www.montpellier2028.eu\/en\/wp-json\/wp\/v2\/categories?post=9058"},{"taxonomy":"post_tag","embeddable":true,"href":"https:\/\/www.montpellier2028.eu\/en\/wp-json\/wp\/v2\/tags?post=9058"}],"curies":[{"name":"wp","href":"https:\/\/api.w.org\/{rel}","templated":true}]}}